{"id":1163,"date":"2014-11-26T22:14:51","date_gmt":"2014-11-26T22:14:51","guid":{"rendered":"http:\/\/www.ignacioprocacitto.com.ar\/sitio\/?p=1163"},"modified":"2014-11-26T22:14:51","modified_gmt":"2014-11-26T22:14:51","slug":"ignacio-procacitto-campeon","status":"publish","type":"post","link":"https:\/\/ignacioprocacitto.com.ar\/sitio\/2014\/11\/26\/ignacio-procacitto-campeon\/","title":{"rendered":"Ignacio Procacitto campe\u00f3n"},"content":{"rendered":"<p>La definici\u00f3n del campeonato 2014 de F\u00f3rmula Renault Plus fue muy re\u00f1ida pero sali\u00f3 a favor Ignacio Procacitto, luego de ser tercero en R\u00edo Cuarto, en la \u00faltima fecha. El piloto de Las Rosas empat\u00f3 en puntos con Pedro Boero, y se defini\u00f3 por mejores resultados, teniendo una victoria y dos segundos puestos contra un triunfo y un segundo puesto de su contrincante.<br \/>\n<!--more--><\/p>\n<p>Apasionante como pocas veces, cuatro pilotos llegaron con posibilidades matem\u00e1ticas y \u2018Nachi\u2019 no era de los favoritos porque necesitaba que el l\u00edder no sume puntos. \u201cComo sab\u00edamos que era dif\u00edcil, fuimos a R\u00edo Cuarto a buscar el mejor resultado. Arrancamos bien ya que en la primera clasificaci\u00f3n est\u00e1bamos terceros. Luego, en la segunda con las gomas nuevas no fuimos r\u00e1pidos al igual que en el ritmo de carrera, hicimos lo mejor que pudimos como en todas las fechas y arribamos quintos en pista\u201d, relat\u00f3 Procacitto.<\/p>\n<p>Los resultados en pista no lo dejaban como campe\u00f3n, pero en las verificaciones t\u00e9cnicas se excluy\u00f3 a quien hasta ese momento se coronaba y a dos integrantes del podio. De ese modo, el rosense avanz\u00f3 al tercer puesto y Boero al s\u00e9ptimo, y as\u00ed es como sumaron la misma cantidad de unidades en doce fechas, con una victoria para cada uno. Aplicando el reglamento, quien m\u00e1s segundos puestos tuviera ser\u00eda el monarca, y as\u00ed fue como Procacitto con dos fechas siendo escolta, frente a una de su rival, prevaleci\u00f3 y se qued\u00f3 con el tan ansiado campeonato.<\/p>\n<p>Fue una temporada con algunos altibajos en rendimiento, pero en la mayor\u00eda de las fechas fue muy competitivo, como en la cuarta cita, cuando se llev\u00f3 el triunfo en R\u00edo Cuarto, el \u00fanico en el a\u00f1o, tras dos pole positions consecutivas, la anterior en San Luis. Luego no volvi\u00f3 a subirse al podio hasta la novena carrera, en Marcos Ju\u00e1rez, donde fue segundo. En la pen\u00faltima cita, logr\u00f3 la pole position en lluvia y termin\u00f3 como escolta en piso seco. El \u00faltimo podio fue en la fecha de cierre, y complet\u00f3 el a\u00f1o en su mejor forma, con consistencia en los puestos de vanguardia.<\/p>\n<p>Analizando la situaci\u00f3n que determin\u00f3 la obtenci\u00f3n del t\u00edtulo, Nachi declar\u00f3: \u201cPor diferentes circunstancias t\u00e9cnicas tuvimos la posibilidad de ser campeones, no es la mejor manera, pero el a\u00f1o pasado nosotros sufrimos dos exclusiones y una suspensi\u00f3n que nos privaron de pelear el campeonato 2013. Aprendimos de esas experiencias y hoy podemos disfrutar de este t\u00edtulo junto con toda mi familia, amigos, mi novia, colaboradores, auspiciantes, a mi equipo, al ingeniero Fernando Bulla, y a todos los que de alguna manera u otra se interesan por nosotros\u201d.<\/p>\n<p>En medio de la celebraci\u00f3n, y aguardando que sigan los \u00e9xitos, Procacitto complet\u00f3: \u201cAhora festejamos pero en 2015 tenemos que analizar el presupuesto que podamos armar para ver qu\u00e9 es lo que podemos hacer. Si tenemos que defender el \u20181\u2019 lo vamos a hacer\u201d.<\/p>\n<p>El campe\u00f3n agradece por este magn\u00edfico presente a sus sponsors: Maizco, Revisi\u00f3n T\u00e9cnica Vehicular Las Rosas, Rodeg, YPF La Excelencia, CyC Agroservicios, Steelforj, Gimetal, Don Enrique, Agronom\u00eda Las Rosas, Balangione SRL, MAB Ingenier\u00eda y Dise\u00f1o, PPG, Indujer, Paoli Neum\u00e1ticos y Segurometal.<\/p>\n","protected":false},"excerpt":{"rendered":"<p>La definici\u00f3n del campeonato 2014 de F\u00f3rmula Renault Plus fue muy re\u00f1ida pero sali\u00f3 a favor Ignacio Procacitto, luego de ser tercero en R\u00edo Cuarto, en la \u00faltima fecha. El piloto de Las Rosas empat\u00f3 en puntos con Pedro Boero, y se defini\u00f3 por mejores resultados, teniendo una victoria y dos segundos puestos contra un [&hellip;]<\/p>\n","protected":false},"author":1,"featured_media":1171,"comment_status":"closed","ping_status":"closed","sticky":false,"template":"","format":"standard","meta":{"footnotes":""},"categories":[3],"tags":[],"class_list":["post-1163","post","type-post","status-publish","format-standard","has-post-thumbnail","hentry","category-novedades"],"_links":{"self":[{"href":"https:\/\/ignacioprocacitto.com.ar\/sitio\/wp-json\/wp\/v2\/posts\/1163","targetHints":{"allow":["GET"]}}],"collection":[{"href":"https:\/\/ignacioprocacitto.com.ar\/sitio\/wp-json\/wp\/v2\/posts"}],"about":[{"href":"https:\/\/ignacioprocacitto.com.ar\/sitio\/wp-json\/wp\/v2\/types\/post"}],"author":[{"embeddable":true,"href":"https:\/\/ignacioprocacitto.com.ar\/sitio\/wp-json\/wp\/v2\/users\/1"}],"replies":[{"embeddable":true,"href":"https:\/\/ignacioprocacitto.com.ar\/sitio\/wp-json\/wp\/v2\/comments?post=1163"}],"version-history":[{"count":0,"href":"https:\/\/ignacioprocacitto.com.ar\/sitio\/wp-json\/wp\/v2\/posts\/1163\/revisions"}],"wp:featuredmedia":[{"embeddable":true,"href":"https:\/\/ignacioprocacitto.com.ar\/sitio\/wp-json\/wp\/v2\/media\/1171"}],"wp:attachment":[{"href":"https:\/\/ignacioprocacitto.com.ar\/sitio\/wp-json\/wp\/v2\/media?parent=1163"}],"wp:term":[{"taxonomy":"category","embeddable":true,"href":"https:\/\/ignacioprocacitto.com.ar\/sitio\/wp-json\/wp\/v2\/categories?post=1163"},{"taxonomy":"post_tag","embeddable":true,"href":"https:\/\/ignacioprocacitto.com.ar\/sitio\/wp-json\/wp\/v2\/tags?post=1163"}],"curies":[{"name":"wp","href":"https:\/\/api.w.org\/{rel}","templated":true}]}}