{"id":1320,"date":"2015-08-03T12:00:30","date_gmt":"2015-08-03T12:00:30","guid":{"rendered":"http:\/\/www.ignacioprocacitto.com.ar\/sitio\/?p=1320"},"modified":"2015-08-03T12:00:30","modified_gmt":"2015-08-03T12:00:30","slug":"ignacio-procacitto-probo-y-esta-mas-cerca","status":"publish","type":"post","link":"https:\/\/ignacioprocacitto.com.ar\/sitio\/2015\/08\/03\/ignacio-procacitto-probo-y-esta-mas-cerca\/","title":{"rendered":"Prob\u00f3 y est\u00e1 m\u00e1s cerca"},"content":{"rendered":"<p>Ignacio Procacitto realiz\u00f3 una nueva prueba sobre un Turismo Nacional Clase 2, otra vez sobre un Chevrolet Corsa del Schiav\u00f3n Sport en San Jorge. El volante de Las Rosas pretende debutar en las pr\u00f3ximas fechas, aunque a\u00fan no pudo confirmar cu\u00e1ndo ser\u00e1.<!--more--><\/p>\n<p>Durante la jornada sabatina, \u2018Nachi\u2019 Procacitto se subi\u00f3 al Corsa del equipo de Elortondo que conduce Oscar Schiav\u00f3n y en diversas tandas sum\u00f3 vueltas sobre un TN, algo que ya hab\u00eda hecho durante el \u00faltimo verano. La situaci\u00f3n econ\u00f3mica retras\u00f3 el proyecto de iniciarse en la divisional menor, pero nunca se fren\u00f3 y se est\u00e1 en un momento ideal para pasar al automovilismo nacional.<\/p>\n<p>Tras ensayar en el Parque de la Velocidad, Procacitto afirm\u00f3: \u201cLuego de la prueba qued\u00e9 conforme pero falta, y esperamos poder hacer otro ensayo antes de sumarnos oficialmente al Turismo Nacional. Giramos con gomas usadas, y queremos hacer uno con neum\u00e1ticos nuevos, y encontrar el verdadero par\u00e1metro respecto del ideal\u201d.<\/p>\n<p>A\u00fan sin definir c\u00f3mo y cu\u00e1ndo realizar\u00e1 su primera carrera, se refiri\u00f3 a la posibilidad de competir con Schiav\u00f3n Sport, pero sin dejar de lado la intenci\u00f3n inicial: \u201cEste auto ser\u00eda nuestra opci\u00f3n para hacer las primeras armas, pero seguimos firmes con la idea de poseer auto y equipo propio para arrancar el 2016. As\u00ed repetir\u00edamos la manera en la cual fuimos campeones en Karting y F\u00f3rmula Renault Plus\u201d.<\/p>\n","protected":false},"excerpt":{"rendered":"<p>Ignacio Procacitto realiz\u00f3 una nueva prueba sobre un Turismo Nacional Clase 2, otra vez sobre un Chevrolet Corsa del Schiav\u00f3n Sport en San Jorge. El volante de Las Rosas pretende debutar en las pr\u00f3ximas fechas, aunque a\u00fan no pudo confirmar cu\u00e1ndo ser\u00e1.<\/p>\n","protected":false},"author":1,"featured_media":1322,"comment_status":"closed","ping_status":"closed","sticky":false,"template":"","format":"standard","meta":{"footnotes":""},"categories":[3],"tags":[],"class_list":["post-1320","post","type-post","status-publish","format-standard","has-post-thumbnail","hentry","category-novedades"],"_links":{"self":[{"href":"https:\/\/ignacioprocacitto.com.ar\/sitio\/wp-json\/wp\/v2\/posts\/1320","targetHints":{"allow":["GET"]}}],"collection":[{"href":"https:\/\/ignacioprocacitto.com.ar\/sitio\/wp-json\/wp\/v2\/posts"}],"about":[{"href":"https:\/\/ignacioprocacitto.com.ar\/sitio\/wp-json\/wp\/v2\/types\/post"}],"author":[{"embeddable":true,"href":"https:\/\/ignacioprocacitto.com.ar\/sitio\/wp-json\/wp\/v2\/users\/1"}],"replies":[{"embeddable":true,"href":"https:\/\/ignacioprocacitto.com.ar\/sitio\/wp-json\/wp\/v2\/comments?post=1320"}],"version-history":[{"count":0,"href":"https:\/\/ignacioprocacitto.com.ar\/sitio\/wp-json\/wp\/v2\/posts\/1320\/revisions"}],"wp:featuredmedia":[{"embeddable":true,"href":"https:\/\/ignacioprocacitto.com.ar\/sitio\/wp-json\/wp\/v2\/media\/1322"}],"wp:attachment":[{"href":"https:\/\/ignacioprocacitto.com.ar\/sitio\/wp-json\/wp\/v2\/media?parent=1320"}],"wp:term":[{"taxonomy":"category","embeddable":true,"href":"https:\/\/ignacioprocacitto.com.ar\/sitio\/wp-json\/wp\/v2\/categories?post=1320"},{"taxonomy":"post_tag","embeddable":true,"href":"https:\/\/ignacioprocacitto.com.ar\/sitio\/wp-json\/wp\/v2\/tags?post=1320"}],"curies":[{"name":"wp","href":"https:\/\/api.w.org\/{rel}","templated":true}]}}