{"id":1325,"date":"2014-10-08T12:00:19","date_gmt":"2014-10-08T12:00:19","guid":{"rendered":"http:\/\/www.ignacioprocacitto.com.ar\/sitio\/?p=1325"},"modified":"2014-10-08T12:00:19","modified_gmt":"2014-10-08T12:00:19","slug":"ignacio-procacitto-probo-un-clase-2","status":"publish","type":"post","link":"https:\/\/ignacioprocacitto.com.ar\/sitio\/2014\/10\/08\/ignacio-procacitto-probo-un-clase-2\/","title":{"rendered":"Se subi\u00f3 por primera vez un Clase 2"},"content":{"rendered":"<p>Ayer fue un d\u00eda muy importante para Ignacio Procacitto ya que prob\u00f3 por primera vez un auto de Turismo Nacional. El joven piloto de Las Rosas, uno de los m\u00e1ximos protagonistas de la F\u00f3rmula Renault Plus, se subi\u00f3 a un Chevrolet Corsa de Clase 2 en San Jorge por invitaci\u00f3n del Schiav\u00f3n Sport, equipo con sede en Elortondo.<!--more--><\/p>\n<p>La jornada estuvo un poco calurosa en el Parque de la Velocidad, pero eso no impidi\u00f3 que lo planificado se lleve a cabo normalmente. El equipo que dirige Oscar Schiav\u00f3n estuvo con Federico Alonso, piloto titular del auto que estar\u00e1 en la fecha venidera en R\u00edo Gallegos, quien adem\u00e1s sirvi\u00f3 de instructor para \u2018Nachi\u2019.<\/p>\n<p>\u201cEl hecho de girar sobre un auto de Turismo Nacional estuvo muy lindo, es divertido. Es muy distinto a un F\u00f3rmula, porque hace mucho calor adentro y adem\u00e1s se siente mucho el ruido del motor. Me gust\u00f3 mucho\u201d, fue lo primero que manifest\u00f3 Procacitto, muy contento por lo realizado.<\/p>\n<p>Por otro lado, detall\u00f3: \u201cEstuvo probando Federico Alonso, quien tiene mucha experiencia y gracias a Oscar Schiav\u00f3n y al ingeniero Mauro Caballero de Camav, pudimos girar a s\u00f3lo un segundo de Alonso en 25 giros, y not\u00e9 que me est\u00e1 costando en los frenajes nada m\u00e1s. Esta prueba sirvi\u00f3 para sumar experiencia y es algo que ten\u00eda pendiente para este a\u00f1o y lo cumplimos. Igualmente queremos tratar de volver a subirnos\u201d.<\/p>\n<p>Finalmente, expres\u00f3: \u201cCreo que por temas presupuestarios continuar\u00e9 corriendo en F\u00f3rmula el a\u00f1o que viene, pero si se puede dar el salto, seguramente lo vamos a hacer. Por dem\u00e1s estoy agradecido a los sponsors, Maizco, Revisi\u00f3n T\u00e9cnica Vehicular Las Rosas, Rodeg, YPF La Excelencia, CyC Agroservicios, Steelforj, Gimetal, Don Enrique, Agronom\u00eda Las Rosas, Balangione SRL, MAB Ingenier\u00eda y Dise\u00f1o, PPG, Indujer, Paoli Neum\u00e1ticos y Segurometal, que me acompa\u00f1an en el automovilismo\u201d.<\/p>\n<p>Este fin de semana Procacitto correr\u00e1 en R\u00edo Cuarto, por la d\u00e9cima fecha de la FR Plus, en un escenario donde este a\u00f1o ya gan\u00f3, y donde espera escalar en el campeonato y achicar distancia con la punta.<\/p>\n","protected":false},"excerpt":{"rendered":"<p>Ayer fue un d\u00eda muy importante para Ignacio Procacitto ya que prob\u00f3 por primera vez un auto de Turismo Nacional. El joven piloto de Las Rosas, uno de los m\u00e1ximos protagonistas de la F\u00f3rmula Renault Plus, se subi\u00f3 a un Chevrolet Corsa de Clase 2 en San Jorge por invitaci\u00f3n del Schiav\u00f3n Sport, equipo con [&hellip;]<\/p>\n","protected":false},"author":1,"featured_media":1323,"comment_status":"closed","ping_status":"closed","sticky":false,"template":"","format":"standard","meta":{"footnotes":""},"categories":[3],"tags":[],"class_list":["post-1325","post","type-post","status-publish","format-standard","has-post-thumbnail","hentry","category-novedades"],"_links":{"self":[{"href":"https:\/\/ignacioprocacitto.com.ar\/sitio\/wp-json\/wp\/v2\/posts\/1325","targetHints":{"allow":["GET"]}}],"collection":[{"href":"https:\/\/ignacioprocacitto.com.ar\/sitio\/wp-json\/wp\/v2\/posts"}],"about":[{"href":"https:\/\/ignacioprocacitto.com.ar\/sitio\/wp-json\/wp\/v2\/types\/post"}],"author":[{"embeddable":true,"href":"https:\/\/ignacioprocacitto.com.ar\/sitio\/wp-json\/wp\/v2\/users\/1"}],"replies":[{"embeddable":true,"href":"https:\/\/ignacioprocacitto.com.ar\/sitio\/wp-json\/wp\/v2\/comments?post=1325"}],"version-history":[{"count":0,"href":"https:\/\/ignacioprocacitto.com.ar\/sitio\/wp-json\/wp\/v2\/posts\/1325\/revisions"}],"wp:featuredmedia":[{"embeddable":true,"href":"https:\/\/ignacioprocacitto.com.ar\/sitio\/wp-json\/wp\/v2\/media\/1323"}],"wp:attachment":[{"href":"https:\/\/ignacioprocacitto.com.ar\/sitio\/wp-json\/wp\/v2\/media?parent=1325"}],"wp:term":[{"taxonomy":"category","embeddable":true,"href":"https:\/\/ignacioprocacitto.com.ar\/sitio\/wp-json\/wp\/v2\/categories?post=1325"},{"taxonomy":"post_tag","embeddable":true,"href":"https:\/\/ignacioprocacitto.com.ar\/sitio\/wp-json\/wp\/v2\/tags?post=1325"}],"curies":[{"name":"wp","href":"https:\/\/api.w.org\/{rel}","templated":true}]}}