{"id":1332,"date":"2015-08-10T12:00:46","date_gmt":"2015-08-10T12:00:46","guid":{"rendered":"http:\/\/www.ignacioprocacitto.com.ar\/sitio\/?p=1332"},"modified":"2015-08-10T12:00:46","modified_gmt":"2015-08-10T12:00:46","slug":"debut-confirmado-para-ignacio-procacitto","status":"publish","type":"post","link":"https:\/\/ignacioprocacitto.com.ar\/sitio\/2015\/08\/10\/debut-confirmado-para-ignacio-procacitto\/","title":{"rendered":"Debut confirmado para Ignacio Procacitto"},"content":{"rendered":"<p>Ignacio Procacitto tendr\u00e1 su primera incursi\u00f3n en el Turismo Nacional este fin de semana, en Las Termas de R\u00edo Hondo. El rosense se presentar\u00e1 en la octava cita de la temporada, con un Chevrolet Corsa de Clase 2 alistado por el equipo Schiav\u00f3n Sport.<!--more--><\/p>\n<p>Luego de consagrarse campe\u00f3n de F\u00f3rmula Renault Plus en 2014, las chances de hacer TN afloraron y junto al equipo de Elortondo, en el sur de la provincia de Santa Fe, se realizaron dos pruebas, una de ellas hace un par de semanas. Procacitto estuvo planificando este debut durante varios meses junto a su padre Carlos y toda su familia, quienes son parte de su equipo de trabajo.<\/p>\n<p>\u201cEl debut a nivel nacional ser\u00e1 muy bueno para mi carrera deportiva, aunque hubiese gustado que haya sido antes. Problemas presupuestarios hicieron que no lo pudi\u00e9ramos hacer previamente, pero llega en este momento y esperamos poder darle continuidad a este proyecto\u201d, expres\u00f3 \u2018Nachi\u2019 Procacitto, aguardando por competir en un circuito que ya conoce de su etapa \u2018monopostista\u2019.<\/p>\n<p>En lo personal, sabiendo que estar\u00e1 en un ambiente muy profesional, del oriundo de Las Rosas asegur\u00f3: \u201cHace siete meses que estoy parado pero el s\u00e1bado que prob\u00e9 me sent\u00ed muy c\u00f3modo, la verdad es que no sent\u00ed grandes exigencias f\u00edsicas. Ahora lo vamos a ver en el fin de semana que es lo que pasa\u201d.<\/p>\n<p>Y a\u00f1adi\u00f3: \u201cEstoy confiado en que podemos hacer un buen papel, tratar de dar la mayor cantidad de vueltas, para aprovechar cada salida a pista y aprender un poco m\u00e1s. El primer objetivo es completar todas las vueltas en entrenamientos, clasificaci\u00f3n, serie y final, sin buscar una posici\u00f3n. Trataremos de terminar con el auto entero para seguir adapt\u00e1ndome a este tipo de auto, y a cada cosa que pueda aparecer arriba del mismo\u201d.<\/p>\n<p>La actividad oficial en pista comenzar\u00e1 este viernes con los entrenamientos (11.30 a 12.40 y 13.30 a 14.40), para finalizar la tarde con las pruebas de clasificaci\u00f3n (16.10 a 17). El s\u00e1bado se disputar\u00e1n las series (13.30, 14 y 14.30, a 6 vueltas cada una), y el domingo la gran final, desde las 12, a 15 vueltas o un m\u00e1ximo de 35 minutos en la pista de 4.804 metros de extensi\u00f3n.<\/p>\n","protected":false},"excerpt":{"rendered":"<p>Ignacio Procacitto tendr\u00e1 su primera incursi\u00f3n en el Turismo Nacional este fin de semana, en Las Termas de R\u00edo Hondo. El rosense se presentar\u00e1 en la octava cita de la temporada, con un Chevrolet Corsa de Clase 2 alistado por el equipo Schiav\u00f3n Sport.<\/p>\n","protected":false},"author":1,"featured_media":1260,"comment_status":"closed","ping_status":"closed","sticky":false,"template":"","format":"standard","meta":{"footnotes":""},"categories":[3],"tags":[],"class_list":["post-1332","post","type-post","status-publish","format-standard","has-post-thumbnail","hentry","category-novedades"],"_links":{"self":[{"href":"https:\/\/ignacioprocacitto.com.ar\/sitio\/wp-json\/wp\/v2\/posts\/1332","targetHints":{"allow":["GET"]}}],"collection":[{"href":"https:\/\/ignacioprocacitto.com.ar\/sitio\/wp-json\/wp\/v2\/posts"}],"about":[{"href":"https:\/\/ignacioprocacitto.com.ar\/sitio\/wp-json\/wp\/v2\/types\/post"}],"author":[{"embeddable":true,"href":"https:\/\/ignacioprocacitto.com.ar\/sitio\/wp-json\/wp\/v2\/users\/1"}],"replies":[{"embeddable":true,"href":"https:\/\/ignacioprocacitto.com.ar\/sitio\/wp-json\/wp\/v2\/comments?post=1332"}],"version-history":[{"count":0,"href":"https:\/\/ignacioprocacitto.com.ar\/sitio\/wp-json\/wp\/v2\/posts\/1332\/revisions"}],"wp:featuredmedia":[{"embeddable":true,"href":"https:\/\/ignacioprocacitto.com.ar\/sitio\/wp-json\/wp\/v2\/media\/1260"}],"wp:attachment":[{"href":"https:\/\/ignacioprocacitto.com.ar\/sitio\/wp-json\/wp\/v2\/media?parent=1332"}],"wp:term":[{"taxonomy":"category","embeddable":true,"href":"https:\/\/ignacioprocacitto.com.ar\/sitio\/wp-json\/wp\/v2\/categories?post=1332"},{"taxonomy":"post_tag","embeddable":true,"href":"https:\/\/ignacioprocacitto.com.ar\/sitio\/wp-json\/wp\/v2\/tags?post=1332"}],"curies":[{"name":"wp","href":"https:\/\/api.w.org\/{rel}","templated":true}]}}