{"id":1335,"date":"2015-08-16T12:00:10","date_gmt":"2015-08-16T12:00:10","guid":{"rendered":"http:\/\/www.ignacioprocacitto.com.ar\/sitio\/?p=1335"},"modified":"2015-08-16T12:00:10","modified_gmt":"2015-08-16T12:00:10","slug":"un-debut-mas-que-aprobado","status":"publish","type":"post","link":"https:\/\/ignacioprocacitto.com.ar\/sitio\/2015\/08\/16\/un-debut-mas-que-aprobado\/","title":{"rendered":"Un debut m\u00e1s que aprobado"},"content":{"rendered":"<p>Ignacio Procacitto debut\u00f3 en el Turismo Nacional y logr\u00f3 completar los objetivos primordiales, que eran completar todas las vueltas en cada salida a pista. El volante de Las Rosas con el Chevrolet Corsa de Clase 2 alistado por el Schiav\u00f3n Sport, culmin\u00f3 21\u00ba.<!--more--><\/p>\n<p>El viernes hubo llovizna sobre el circuito santiague\u00f1o y se complic\u00f3 la adaptaci\u00f3n para Procacitto. De todas formas, cuando lleg\u00f3 el turno de clasificar el s\u00e1bado mejor\u00f3 su rendimiento y se ubic\u00f3 29\u00ba. Por la tarde, largando d\u00e9cimo pudo avanzar para terminar s\u00e9ptimo en su serie, a pesar de quedarse detenido en la primera curva con un peque\u00f1o problema en la caja de velocidades, que se solucion\u00f3 y sigui\u00f3 la marcha.<\/p>\n<p>Con todo lo sucedido, \u2018Nachi\u2019 Procacitto qued\u00f3 engrillado 20\u00ba en la final, algo muy destacable teniendo en cuenta c\u00f3mo se present\u00f3 el fin de semana, nada favorable para un debutante. Al largarse la carrera, sinti\u00f3 verdaderamente en toda su dimensi\u00f3n el TN y disfrut\u00f3 m\u00e1s all\u00e1 del resultado. Si bien perdi\u00f3 terreno y sobre el final recuper\u00f3, finaliz\u00f3 21\u00ba y qued\u00f3 m\u00e1s que conforme al igual que su equipo y su familia, que fueron su compa\u00f1\u00eda los tres d\u00edas de actividad.<\/p>\n<p>\u201cFue un buen debut porque pudimos terminar, cumplimos lo que quer\u00edamos m\u00e1s all\u00e1 de que tuvimos algunos inconvenientes con los frenos. Fue muy divertido estar en el pelot\u00f3n con los dem\u00e1s. Quiz\u00e1 se nos complic\u00f3 m\u00e1s el fin de semana por el clima de lluvia del viernes, pero nosotros estamos reci\u00e9n empezando\u201d, analiz\u00f3 \u2018Nachi\u2019 tras salir del parque cerrado, donde por ejemplo se encontr\u00f3 con uno de sus principales adversarios en su conquista del certamen de FR Plus: Pedro Boero.<\/p>\n<p>Pensando a futuro, que conductivamente es muy promisorio, Procacitto asegur\u00f3: \u201cOjal\u00e1 podamos estar en Concepci\u00f3n del Uruguay, tendremos que trabajar mucho en lo presupuestario, y si no se puede tendremos que apuntar para Alta Gracia. Estoy agradecido a todo el esfuerzo de mi viejo, mi hermana y toda mi familia en general, a Oscar Schiav\u00f3n, Mauro Caballero, y todos los miembros del equipo que hicieron todo para que se me haga m\u00e1s f\u00e1cil\u201d.<\/p>\n","protected":false},"excerpt":{"rendered":"<p>Ignacio Procacitto debut\u00f3 en el Turismo Nacional y logr\u00f3 completar los objetivos primordiales, que eran completar todas las vueltas en cada salida a pista. El volante de Las Rosas con el Chevrolet Corsa de Clase 2 alistado por el Schiav\u00f3n Sport, culmin\u00f3 21\u00ba.<\/p>\n","protected":false},"author":1,"featured_media":1255,"comment_status":"closed","ping_status":"closed","sticky":false,"template":"","format":"standard","meta":{"footnotes":""},"categories":[3],"tags":[],"class_list":["post-1335","post","type-post","status-publish","format-standard","has-post-thumbnail","hentry","category-novedades"],"_links":{"self":[{"href":"https:\/\/ignacioprocacitto.com.ar\/sitio\/wp-json\/wp\/v2\/posts\/1335","targetHints":{"allow":["GET"]}}],"collection":[{"href":"https:\/\/ignacioprocacitto.com.ar\/sitio\/wp-json\/wp\/v2\/posts"}],"about":[{"href":"https:\/\/ignacioprocacitto.com.ar\/sitio\/wp-json\/wp\/v2\/types\/post"}],"author":[{"embeddable":true,"href":"https:\/\/ignacioprocacitto.com.ar\/sitio\/wp-json\/wp\/v2\/users\/1"}],"replies":[{"embeddable":true,"href":"https:\/\/ignacioprocacitto.com.ar\/sitio\/wp-json\/wp\/v2\/comments?post=1335"}],"version-history":[{"count":0,"href":"https:\/\/ignacioprocacitto.com.ar\/sitio\/wp-json\/wp\/v2\/posts\/1335\/revisions"}],"wp:featuredmedia":[{"embeddable":true,"href":"https:\/\/ignacioprocacitto.com.ar\/sitio\/wp-json\/wp\/v2\/media\/1255"}],"wp:attachment":[{"href":"https:\/\/ignacioprocacitto.com.ar\/sitio\/wp-json\/wp\/v2\/media?parent=1335"}],"wp:term":[{"taxonomy":"category","embeddable":true,"href":"https:\/\/ignacioprocacitto.com.ar\/sitio\/wp-json\/wp\/v2\/categories?post=1335"},{"taxonomy":"post_tag","embeddable":true,"href":"https:\/\/ignacioprocacitto.com.ar\/sitio\/wp-json\/wp\/v2\/tags?post=1335"}],"curies":[{"name":"wp","href":"https:\/\/api.w.org\/{rel}","templated":true}]}}