{"id":1339,"date":"2015-09-30T11:30:36","date_gmt":"2015-09-30T11:30:36","guid":{"rendered":"http:\/\/www.ignacioprocacitto.com.ar\/sitio\/?p=1339"},"modified":"2015-09-30T11:30:36","modified_gmt":"2015-09-30T11:30:36","slug":"vuelve-en-un-escenario-conocido","status":"publish","type":"post","link":"https:\/\/ignacioprocacitto.com.ar\/sitio\/2015\/09\/30\/vuelve-en-un-escenario-conocido\/","title":{"rendered":"Vuelve en un escenario conocido"},"content":{"rendered":"<p>Ignacio Procacitto retorna a la Clase 2 del Turismo Nacional luego de luchar intensamente con el presupuesto. El representante de Las Rosas correr\u00e1 en Alta Gracia este fin de semana, escenario en el cual compiti\u00f3 muchas veces en F\u00f3rmula Renault Plus, categor\u00eda de la cual es el campe\u00f3n vigente.<!--more--><\/p>\n<p>El debut fue en Las Termas de R\u00edo Hondo, en la octava cita del calendario, y las cosas salieron muy bien desde lo personal completando todas las vueltas y sumando experiencia fundamental de cara a su adaptaci\u00f3n a los autos con techo y de tracci\u00f3n delantera. Ahora, conociendo un poco m\u00e1s el Corsa y las referencias obtenidas en su monoplaza, espera cumplir un buen papel.<\/p>\n<p>De todas formas, la llegada a la fecha en el aut\u00f3dromo Oscar Cabal\u00e9n fue confirmada con poca antelaci\u00f3n, aguardando tener mayor patrocinio. Sobre este tema, el rosense revel\u00f3: \u201cVamos sin mucha preparaci\u00f3n para Alta Gracia. Se lleg\u00f3 con un gran esfuerzo de mi pap\u00e1 y mi hermana para armar el presupuesto, algo en lo cual estamos muy acotados por ahora\u201d.<\/p>\n<p>Por otra parte, retomando lo positivo que es conocer la pista, Procacitto analiz\u00f3: \u201cYa con una carrera en el TN y en un circuito que visit\u00e9 varias veces vamos a tratar de recortar la diferencia que podamos estar de la punta con un poco m\u00e1s de expectativas, pero siempre con los pies en la tierra de que esto reci\u00e9n empieza y que hay que girar\u201d.<\/p>\n<p>La actividad comenzar\u00e1 este viernes con los entrenamientos (11.30 a 12.40 y 13.30 a 14.40), para finalizar la tarde con las pruebas de clasificaci\u00f3n (16.10 a 17). El s\u00e1bado se disputar\u00e1n las series (13.30, 14 y 14.30, a 6 vueltas cada una), y el domingo la final, desde las 12, a 16 vueltas o un m\u00e1ximo de 35 minutos en el trazado de 4.045 metros de extensi\u00f3n.<\/p>\n<p>Acompa\u00f1an a Ignacio Procacitto en esta nueva etapa: Maizco, YPF La Exelencia, El Amanecer, Don Enrique, Rodeg, SCR, MAB Ingenier\u00eda, Segurometal, CyC, Gimetal, Procacitto SRL.<\/p>\n","protected":false},"excerpt":{"rendered":"<p>Ignacio Procacitto retorna a la Clase 2 del Turismo Nacional luego de luchar intensamente con el presupuesto. El representante de Las Rosas correr\u00e1 en Alta Gracia este fin de semana, escenario en el cual compiti\u00f3 muchas veces en F\u00f3rmula Renault Plus, categor\u00eda de la cual es el campe\u00f3n vigente.<\/p>\n","protected":false},"author":1,"featured_media":1240,"comment_status":"closed","ping_status":"closed","sticky":false,"template":"","format":"standard","meta":{"footnotes":""},"categories":[3],"tags":[],"class_list":["post-1339","post","type-post","status-publish","format-standard","has-post-thumbnail","hentry","category-novedades"],"_links":{"self":[{"href":"https:\/\/ignacioprocacitto.com.ar\/sitio\/wp-json\/wp\/v2\/posts\/1339","targetHints":{"allow":["GET"]}}],"collection":[{"href":"https:\/\/ignacioprocacitto.com.ar\/sitio\/wp-json\/wp\/v2\/posts"}],"about":[{"href":"https:\/\/ignacioprocacitto.com.ar\/sitio\/wp-json\/wp\/v2\/types\/post"}],"author":[{"embeddable":true,"href":"https:\/\/ignacioprocacitto.com.ar\/sitio\/wp-json\/wp\/v2\/users\/1"}],"replies":[{"embeddable":true,"href":"https:\/\/ignacioprocacitto.com.ar\/sitio\/wp-json\/wp\/v2\/comments?post=1339"}],"version-history":[{"count":0,"href":"https:\/\/ignacioprocacitto.com.ar\/sitio\/wp-json\/wp\/v2\/posts\/1339\/revisions"}],"wp:featuredmedia":[{"embeddable":true,"href":"https:\/\/ignacioprocacitto.com.ar\/sitio\/wp-json\/wp\/v2\/media\/1240"}],"wp:attachment":[{"href":"https:\/\/ignacioprocacitto.com.ar\/sitio\/wp-json\/wp\/v2\/media?parent=1339"}],"wp:term":[{"taxonomy":"category","embeddable":true,"href":"https:\/\/ignacioprocacitto.com.ar\/sitio\/wp-json\/wp\/v2\/categories?post=1339"},{"taxonomy":"post_tag","embeddable":true,"href":"https:\/\/ignacioprocacitto.com.ar\/sitio\/wp-json\/wp\/v2\/tags?post=1339"}],"curies":[{"name":"wp","href":"https:\/\/api.w.org\/{rel}","templated":true}]}}