{"id":1344,"date":"2015-10-03T20:19:37","date_gmt":"2015-10-03T20:19:37","guid":{"rendered":"http:\/\/www.ignacioprocacitto.com.ar\/sitio\/?p=1344"},"modified":"2015-10-03T20:19:37","modified_gmt":"2015-10-03T20:19:37","slug":"tuvo-un-buen-sabado-en-alta-gracia","status":"publish","type":"post","link":"https:\/\/ignacioprocacitto.com.ar\/sitio\/2015\/10\/03\/tuvo-un-buen-sabado-en-alta-gracia\/","title":{"rendered":"Tuvo un buen s\u00e1bado en Alta Gracia"},"content":{"rendered":"<p>Representando a Las Rosas en el Turismo Nacional, Ignacio Procacitto cumpli\u00f3 una destacada labor para ser apenas su segunda carrera en la Clase 2.<!--more--><\/p>\n<p>Con el Chevrolet Corsa n\u00famero 81, alistado por el Schiav\u00f3n Sport, consigui\u00f3 avanzar en su bater\u00eda en el aut\u00f3dromo Oscar Cabal\u00e9n de Alta Gracia, y qued\u00f3 bien posicionado para la final dominical.<\/p>\n<p>&#8220;Nos fue muy bien en la serie. El auto se mostr\u00f3 r\u00e1pido, y s\u00f3lo se nos complic\u00f3 un poco con los frenos en la \u00faltima vuelta. Largu\u00e9 bien, de forma correcta, y luego pude sobrepasar a Pedro Boero, en una muy linda maniobra. Al conjunto en general, tanto de auto y piloto, lo evalu\u00e9 con un 7, y estamos conformes&#8221;, coment\u00f3 el rosense tras la carrera.<\/p>\n<p>Ma\u00f1ana &#8216;Nachi&#8217; Procacitto correr\u00e1 la final a las 12, televisado en directo por Canal 9 a trav\u00e9s del Automovilismo para Todos, partiendo en el 17\u00ba lugar.<\/p>\n","protected":false},"excerpt":{"rendered":"<p>Representando a Las Rosas en el Turismo Nacional, Ignacio Procacitto cumpli\u00f3 una destacada labor para ser apenas su segunda carrera en la Clase 2.<\/p>\n","protected":false},"author":1,"featured_media":1346,"comment_status":"closed","ping_status":"closed","sticky":false,"template":"","format":"standard","meta":{"footnotes":""},"categories":[3],"tags":[],"class_list":["post-1344","post","type-post","status-publish","format-standard","has-post-thumbnail","hentry","category-novedades"],"_links":{"self":[{"href":"https:\/\/ignacioprocacitto.com.ar\/sitio\/wp-json\/wp\/v2\/posts\/1344","targetHints":{"allow":["GET"]}}],"collection":[{"href":"https:\/\/ignacioprocacitto.com.ar\/sitio\/wp-json\/wp\/v2\/posts"}],"about":[{"href":"https:\/\/ignacioprocacitto.com.ar\/sitio\/wp-json\/wp\/v2\/types\/post"}],"author":[{"embeddable":true,"href":"https:\/\/ignacioprocacitto.com.ar\/sitio\/wp-json\/wp\/v2\/users\/1"}],"replies":[{"embeddable":true,"href":"https:\/\/ignacioprocacitto.com.ar\/sitio\/wp-json\/wp\/v2\/comments?post=1344"}],"version-history":[{"count":0,"href":"https:\/\/ignacioprocacitto.com.ar\/sitio\/wp-json\/wp\/v2\/posts\/1344\/revisions"}],"wp:featuredmedia":[{"embeddable":true,"href":"https:\/\/ignacioprocacitto.com.ar\/sitio\/wp-json\/wp\/v2\/media\/1346"}],"wp:attachment":[{"href":"https:\/\/ignacioprocacitto.com.ar\/sitio\/wp-json\/wp\/v2\/media?parent=1344"}],"wp:term":[{"taxonomy":"category","embeddable":true,"href":"https:\/\/ignacioprocacitto.com.ar\/sitio\/wp-json\/wp\/v2\/categories?post=1344"},{"taxonomy":"post_tag","embeddable":true,"href":"https:\/\/ignacioprocacitto.com.ar\/sitio\/wp-json\/wp\/v2\/tags?post=1344"}],"curies":[{"name":"wp","href":"https:\/\/api.w.org\/{rel}","templated":true}]}}