{"id":1349,"date":"2015-10-04T22:47:19","date_gmt":"2015-10-04T22:47:19","guid":{"rendered":"http:\/\/www.ignacioprocacitto.com.ar\/sitio\/?p=1349"},"modified":"2015-10-04T22:47:19","modified_gmt":"2015-10-04T22:47:19","slug":"sumo-sus-primeros-puntos","status":"publish","type":"post","link":"https:\/\/ignacioprocacitto.com.ar\/sitio\/2015\/10\/04\/sumo-sus-primeros-puntos\/","title":{"rendered":"Sum\u00f3 sus primeros puntos"},"content":{"rendered":"<p>Ignacio Procacitto consigui\u00f3 un gran desempe\u00f1o en la d\u00e9cima fecha del Turismo Nacional, sumando sus primeros puntos en la Clase 2.<!--more--> El volante de Las Rosas fue 19\u00ba en una final que lo tuvo peleando m\u00e1s adelante, aunque un toque lo releg\u00f3 sobre el final en Alta Gracia.<\/p>\n<p>El viernes por la ma\u00f1ana se iniciaron los entrenamientos y los resultados fueron positivos, quedando dentro de los veinte mejores. Lo \u00fanico negativo de la jornada fue en la clasificaci\u00f3n, al romperse un semieje, provocando que Procacitto quede sin tiempos.<\/p>\n<p>De todos modos, al d\u00eda siguiente pudo demostrar su nivel y qued\u00f3 19\u00ba en la tanda, 21\u00ba en la general. Por la tarde le toc\u00f3 partir s\u00e9ptimo en la tercera serie, y all\u00ed realiz\u00f3 un vistoso sobrepaso a Pedro Boero, quien hasta 2014 fue rival por el campeonato de F\u00f3rmula Renault Plus, que se alz\u00f3 el de Las Rosas por encima del rosarino. \u2018Nachi\u2019 fue sexto, y qued\u00f3 17\u00ba en la grilla para la competencia final.<\/p>\n<p>\u201cNos fue muy bien en la serie. El auto se mostr\u00f3 r\u00e1pido, y s\u00f3lo se nos complic\u00f3 un poco con los frenos en la \u00faltima vuelta. Largu\u00e9 bien, de forma correcta, y luego pude sobrepasar a Pedro Boero, en una muy linda maniobra. Al conjunto en general, tanto de auto y piloto, lo evalu\u00e9 con un 7, y estamos conformes\u201d, coment\u00f3 el rosense tras la bater\u00eda.<\/p>\n<p>Al mediod\u00eda dominical se disput\u00f3 la carrera en el aut\u00f3dromo Oscar Cabal\u00e9n de C\u00f3rdoba, y la movida no fue la ideal, cediendo dos posiciones. Con el transcurso de los giros, con el veh\u00edculo del Schiav\u00f3n Sport pudo ganar varios puestos y arrimarse al 13\u00ba. A falta de tres giros, estaba por lograr ubicarse en ese lugar, cuando fue embestido por un contrincante y qued\u00f3 fuera de los l\u00edmites de la pista. Al volver, pudo seguir su avance y culmin\u00f3 20\u00ba en pista, y luego por la sanci\u00f3n a un rival, oficialmente lleg\u00f3 19\u00ba.<\/p>\n<p>\u201cVen\u00edamos bien aunque no largu\u00e9 bien. Perd\u00ed dos puestos en la primera vuelta, y luego mantuve un buen ritmo que me permiti\u00f3 avanzar. Los frenos funcionaron bien y pudimos estar en la zona de puntos. Luego vino la maniobra del toque con Emiliano Giacoponi, donde estaba pasando a dos por afuera, y sent\u00ed el golpe. Luego vino Emiliano a disculparse por el toque. Al menos llegamos 19\u00ba, y obtuvimos un par de puntos m\u00e1s\u201d, detall\u00f3 \u2018Nachi\u2019 al bajar del Chevrolet Corsa de Oscar Schiav\u00f3n, con los amortiguadores de Mauro Caballero y el motor de Esteban Pou.<\/p>\n<p>Con el punto de la serie y los dos de la final, sum\u00f3 por primera vez a nivel nacional, y ahora intentar\u00e1 reunir el presupuesto para tener continuidad. La pr\u00f3xima fecha ser\u00e1 en Posadas el fin de semana del 15 de noviembre.<\/p>\n<p><strong>Acompa\u00f1an a Ignacio Procacitto en esta nueva etapa: Maizco, YPF La Exelencia, El Amanecer, Don Enrique, Rodeg, SCR, MAB Ingenier\u00eda, Segurometal, CyC, Gimetal, Procacitto SRL.<\/strong><\/p>\n","protected":false},"excerpt":{"rendered":"<p>Ignacio Procacitto consigui\u00f3 un gran desempe\u00f1o en la d\u00e9cima fecha del Turismo Nacional, sumando sus primeros puntos en la Clase 2.<\/p>\n","protected":false},"author":1,"featured_media":1351,"comment_status":"closed","ping_status":"closed","sticky":false,"template":"","format":"standard","meta":{"footnotes":""},"categories":[3],"tags":[],"class_list":["post-1349","post","type-post","status-publish","format-standard","has-post-thumbnail","hentry","category-novedades"],"_links":{"self":[{"href":"https:\/\/ignacioprocacitto.com.ar\/sitio\/wp-json\/wp\/v2\/posts\/1349","targetHints":{"allow":["GET"]}}],"collection":[{"href":"https:\/\/ignacioprocacitto.com.ar\/sitio\/wp-json\/wp\/v2\/posts"}],"about":[{"href":"https:\/\/ignacioprocacitto.com.ar\/sitio\/wp-json\/wp\/v2\/types\/post"}],"author":[{"embeddable":true,"href":"https:\/\/ignacioprocacitto.com.ar\/sitio\/wp-json\/wp\/v2\/users\/1"}],"replies":[{"embeddable":true,"href":"https:\/\/ignacioprocacitto.com.ar\/sitio\/wp-json\/wp\/v2\/comments?post=1349"}],"version-history":[{"count":0,"href":"https:\/\/ignacioprocacitto.com.ar\/sitio\/wp-json\/wp\/v2\/posts\/1349\/revisions"}],"wp:featuredmedia":[{"embeddable":true,"href":"https:\/\/ignacioprocacitto.com.ar\/sitio\/wp-json\/wp\/v2\/media\/1351"}],"wp:attachment":[{"href":"https:\/\/ignacioprocacitto.com.ar\/sitio\/wp-json\/wp\/v2\/media?parent=1349"}],"wp:term":[{"taxonomy":"category","embeddable":true,"href":"https:\/\/ignacioprocacitto.com.ar\/sitio\/wp-json\/wp\/v2\/categories?post=1349"},{"taxonomy":"post_tag","embeddable":true,"href":"https:\/\/ignacioprocacitto.com.ar\/sitio\/wp-json\/wp\/v2\/tags?post=1349"}],"curies":[{"name":"wp","href":"https:\/\/api.w.org\/{rel}","templated":true}]}}