{"id":1396,"date":"2015-11-16T04:12:31","date_gmt":"2015-11-16T04:12:31","guid":{"rendered":"http:\/\/www.ignacioprocacitto.com.ar\/sitio\/?p=1396"},"modified":"2015-11-16T04:12:31","modified_gmt":"2015-11-16T04:12:31","slug":"se-adapto-bien-pero-lo-tocaron","status":"publish","type":"post","link":"https:\/\/ignacioprocacitto.com.ar\/sitio\/2015\/11\/16\/se-adapto-bien-pero-lo-tocaron\/","title":{"rendered":"Se adapt\u00f3 bien pero lo tocaron"},"content":{"rendered":"<p>Ignacio Procacitto tuvo un fin de semana de altibajos en Posadas, donde termin\u00f3 fuera de carrera en la pen\u00faltima fecha del Turismo Nacional Clase 2.<!--more-->El rosense se destac\u00f3 el viernes porque se adapt\u00f3 muy bien al circuito pero posteriormente padeci\u00f3 distintas situaciones que dejaron un saldo negativo.<\/p>\n<p>Luego de los entrenamientos, Procacitto conoci\u00f3 lo suficientemente la pista como para meterse entre los veinte mejores ante varios expertos de la divisional menor del TN. El representante de Las Rosas fue 17\u00ba. El s\u00e1bado \u2018Nachi\u2019 tuvo un inconveniente en los frenos que no le permiti\u00f3 mantenerse bien adelante, y qued\u00f3 26\u00ba. En su serie, largando noveno pudo avanzar un lugar, que no fueron tres porque un toque lo hizo perder algo de terreno.<\/p>\n<p>\u201cEl viernes trabajamos en todo lo que es el conocimiento del circuito, y redondeamos un buen viernes, 17\u00ba a 1s5. El s\u00e1bado no pudimos hacer el tiempo y para la serie no nos fue bien, nos faltaba acelerando y contra eso no se pod\u00eda hacer nada e incluso recib\u00ed un toque\u201d, coment\u00f3 Procacitto refiri\u00e9ndose c\u00f3mo lleg\u00f3 a la final.<\/p>\n<p>Y sobre el domingo, complet\u00f3: \u201cEn la final largamos 24\u00ba, y arranc\u00f3 dura con distintos toques. Cuando ven\u00edamos 19\u00ba, me peg\u00f3 muy fuerte Penezone al entrar a la recta. Mi auto qued\u00f3 muy desalineado y ven\u00eda como pod\u00eda. En un frenaje me toqu\u00e9 con otro auto y se termin\u00f3 de romper, sin direcci\u00f3n\u201d.<\/p>\n<p>El viernes las cosas salieron de menor a mayor y adapt\u00e1ndose a un circuito que no conoc\u00eda como el de Posadas, consigui\u00f3 meterse 17\u00ba en la primera clasificaci\u00f3n. El rendimiento fue m\u00e1s que positivo pero el s\u00e1bado no se pudo igualar eso en clasificaci\u00f3n y cay\u00f3 26\u00ba. En la serie, largando noveno avanz\u00f3 pero lo tocaron y apenas fue octavo, cuando merec\u00eda haber terminado entre los seis que suman puntos.<\/p>\n<p>Acompa\u00f1an a Ignacio Procacitto en esta nueva etapa: Maizco, YPF La Exelencia, El Amanecer, Don Enrique, Rodeg, SCR, MAB Ingenier\u00eda, Segurometal, CyC, Gimetal, Procacitto SRL.<\/p>\n","protected":false},"excerpt":{"rendered":"<p>Ignacio Procacitto tuvo un fin de semana de altibajos en Posadas, donde termin\u00f3 fuera de carrera en la pen\u00faltima fecha del Turismo Nacional Clase 2.<\/p>\n","protected":false},"author":1,"featured_media":1398,"comment_status":"closed","ping_status":"closed","sticky":false,"template":"","format":"standard","meta":{"footnotes":""},"categories":[3],"tags":[],"class_list":["post-1396","post","type-post","status-publish","format-standard","has-post-thumbnail","hentry","category-novedades"],"_links":{"self":[{"href":"https:\/\/ignacioprocacitto.com.ar\/sitio\/wp-json\/wp\/v2\/posts\/1396","targetHints":{"allow":["GET"]}}],"collection":[{"href":"https:\/\/ignacioprocacitto.com.ar\/sitio\/wp-json\/wp\/v2\/posts"}],"about":[{"href":"https:\/\/ignacioprocacitto.com.ar\/sitio\/wp-json\/wp\/v2\/types\/post"}],"author":[{"embeddable":true,"href":"https:\/\/ignacioprocacitto.com.ar\/sitio\/wp-json\/wp\/v2\/users\/1"}],"replies":[{"embeddable":true,"href":"https:\/\/ignacioprocacitto.com.ar\/sitio\/wp-json\/wp\/v2\/comments?post=1396"}],"version-history":[{"count":0,"href":"https:\/\/ignacioprocacitto.com.ar\/sitio\/wp-json\/wp\/v2\/posts\/1396\/revisions"}],"wp:featuredmedia":[{"embeddable":true,"href":"https:\/\/ignacioprocacitto.com.ar\/sitio\/wp-json\/wp\/v2\/media\/1398"}],"wp:attachment":[{"href":"https:\/\/ignacioprocacitto.com.ar\/sitio\/wp-json\/wp\/v2\/media?parent=1396"}],"wp:term":[{"taxonomy":"category","embeddable":true,"href":"https:\/\/ignacioprocacitto.com.ar\/sitio\/wp-json\/wp\/v2\/categories?post=1396"},{"taxonomy":"post_tag","embeddable":true,"href":"https:\/\/ignacioprocacitto.com.ar\/sitio\/wp-json\/wp\/v2\/tags?post=1396"}],"curies":[{"name":"wp","href":"https:\/\/api.w.org\/{rel}","templated":true}]}}