{"id":1440,"date":"2016-03-02T13:18:28","date_gmt":"2016-03-02T13:18:28","guid":{"rendered":"http:\/\/www.ignacioprocacitto.com.ar\/sitio\/?p=1440"},"modified":"2016-03-02T13:18:28","modified_gmt":"2016-03-02T13:18:28","slug":"retorna-san-jorge","status":"publish","type":"post","link":"https:\/\/ignacioprocacitto.com.ar\/sitio\/2016\/03\/02\/retorna-san-jorge\/","title":{"rendered":"Retorna en San Jorge"},"content":{"rendered":"<p>La pr\u00f3xima fecha del Turismo Nacional tendr\u00e1 el regreso del joven Ignacio Procacitto en la Clase 2, ahora sum\u00e1ndose al JCB Motor Sport para presentarse en San Jorge.<!--more--><\/p>\n<p>El piloto de Las Rosas estar\u00e1 compitiendo muy cerca de su casa, y m\u00e1s que nunca quer\u00eda estar en competencia tras no poder alistarse en La Plata.<\/p>\n<p>\u201cVamos con muchas expectativas de c\u00f3mo puede funcionar el auto. Lo haremos con mucho esfuerzo familiar y de los auspiciantes\u201d, afirm\u00f3 \u2018Nachi\u2019 Procacitto, quien est\u00e1 a pleno fundamentalmente junto a su padre y su hermana en la b\u00fasqueda del patrocinio que haga que pueda demostrar su talento.<\/p>\n<p>\u201cSe dio esta posibilidad con \u2018Juanchi\u2019 Bertozzi y su equipo que tiene gran trayectoria en el Turismo Nacional. Estar\u00e9 rodeado de buenos pilotos como Mat\u00edas Vidal y Yamil Apud. Adem\u00e1s, la ayuda de Ever Franetovich en el equipo ser\u00e1 importante, por su experiencia y por la relaci\u00f3n que tengo con \u00e9l\u201d, a\u00f1adi\u00f3 el rosense.<\/p>\n<p>Respecto de lo que ser\u00e1 regresar y en el \u2018Parque de la Velocidad\u2019, Procacitto asegur\u00f3: \u201cLo bueno es que podemos darle continuidad al proyecto del a\u00f1o pasado y esperamos que sea con m\u00e1s carreras que las hechas en 2015. Estaremos corriendo en el patio de casa y esperamos brindar un buen espect\u00e1culo a toda la gente que nos va a ir a ver de la zona y har\u00e1 sentir su apoyo\u201d.<\/p>\n<p>El mi\u00e9rcoles previo a la carrera, el Corsa n\u00famero 81 estar\u00e1 girando en San Jorge para conocer el auto y las novedades reglamentarias del TN Clase 2 para este a\u00f1o, como es la nueva caja de cambios secuencial de seis velocidades. \u201cQueremos hacer el mejor papel pero sin desesperarme porque es la cuarta carrera. Haremos una prueba el mi\u00e9rcoles para ver los cambios; lo de la caja va a estar bueno ensayarlo. Me gusta la idea de la caja secuencial, nunca tuve la oportunidad de correr con ese estilo y es un lindo desaf\u00edo. Al ser un Corsa quiz\u00e1 tenga menos adaptaci\u00f3n que si corriese otra marca\u201d.<\/p>\n<p>La carrera ser\u00e1 el fin de semana del 13 de marzo pero en la regi\u00f3n hay mucha gente que no puede esperar para tener el TN en San Jorge, un cl\u00e1sico en el cual Procacitto estar\u00e1 por primera vez como piloto.<\/p>\n","protected":false},"excerpt":{"rendered":"<p>La pr\u00f3xima fecha del Turismo Nacional tendr\u00e1 el regreso del joven Ignacio Procacitto en la Clase 2, ahora sum\u00e1ndose al JCB Motor Sport para presentarse en San Jorge.<\/p>\n","protected":false},"author":1,"featured_media":1323,"comment_status":"closed","ping_status":"closed","sticky":false,"template":"","format":"standard","meta":{"footnotes":""},"categories":[3],"tags":[],"class_list":["post-1440","post","type-post","status-publish","format-standard","has-post-thumbnail","hentry","category-novedades"],"_links":{"self":[{"href":"https:\/\/ignacioprocacitto.com.ar\/sitio\/wp-json\/wp\/v2\/posts\/1440","targetHints":{"allow":["GET"]}}],"collection":[{"href":"https:\/\/ignacioprocacitto.com.ar\/sitio\/wp-json\/wp\/v2\/posts"}],"about":[{"href":"https:\/\/ignacioprocacitto.com.ar\/sitio\/wp-json\/wp\/v2\/types\/post"}],"author":[{"embeddable":true,"href":"https:\/\/ignacioprocacitto.com.ar\/sitio\/wp-json\/wp\/v2\/users\/1"}],"replies":[{"embeddable":true,"href":"https:\/\/ignacioprocacitto.com.ar\/sitio\/wp-json\/wp\/v2\/comments?post=1440"}],"version-history":[{"count":0,"href":"https:\/\/ignacioprocacitto.com.ar\/sitio\/wp-json\/wp\/v2\/posts\/1440\/revisions"}],"wp:featuredmedia":[{"embeddable":true,"href":"https:\/\/ignacioprocacitto.com.ar\/sitio\/wp-json\/wp\/v2\/media\/1323"}],"wp:attachment":[{"href":"https:\/\/ignacioprocacitto.com.ar\/sitio\/wp-json\/wp\/v2\/media?parent=1440"}],"wp:term":[{"taxonomy":"category","embeddable":true,"href":"https:\/\/ignacioprocacitto.com.ar\/sitio\/wp-json\/wp\/v2\/categories?post=1440"},{"taxonomy":"post_tag","embeddable":true,"href":"https:\/\/ignacioprocacitto.com.ar\/sitio\/wp-json\/wp\/v2\/tags?post=1440"}],"curies":[{"name":"wp","href":"https:\/\/api.w.org\/{rel}","templated":true}]}}