{"id":1444,"date":"2016-03-10T13:08:46","date_gmt":"2016-03-10T13:08:46","guid":{"rendered":"http:\/\/www.ignacioprocacitto.com.ar\/sitio\/?p=1444"},"modified":"2016-03-10T13:08:46","modified_gmt":"2016-03-10T13:08:46","slug":"probo-quedo-conforme","status":"publish","type":"post","link":"https:\/\/ignacioprocacitto.com.ar\/sitio\/2016\/03\/10\/probo-quedo-conforme\/","title":{"rendered":"Prob\u00f3 y qued\u00f3 conforme"},"content":{"rendered":"<p>Ignacio Procacitto ultim\u00f3 detalles para el regreso a la Clase 2 del Turismo Nacional, que ser\u00e1 este fin de semana en San Jorge.<!--more--><\/p>\n<p>El volante de Las Rosas estuvo probando ayer en el Parque de la Velocidad con el equipo JCB Motor Sport y el Chevrolet Corsa n\u00famero 81.<\/p>\n<p>La jornada estuvo agradable para poder hacer diferentes ensayos y no fue el \u00fanico en salir a rodar. De todas formas no tom\u00f3 referencias de nadie y se dedic\u00f3 a adaptar su manejo al auto, conocer el funcionamiento de las piezas y el trabajo de los mec\u00e1nicos de cara a la puesta a punto.<\/p>\n<p>\u201cLa prueba sali\u00f3 bien, hicimos una sesi\u00f3n medio corta y giramos dentro de los tiempos normales. Me estoy adaptando al auto, hicimos tres tandas con el Corsa del JCB y quedamos conformes. Vamos a ver cuando nos encontremos en el pelot\u00f3n y los dem\u00e1s autos en los entrenamientos para saber d\u00f3nde estamos parados, pero creo que tenemos que hacer un buen papel\u201d, coment\u00f3 \u2018Nachi\u2019 Procacitto, quien espera cumplir otra buena tarea en el Turismo Nacional, y reuniendo el presupuesto necesario, darle continuidad.<\/p>\n<p>La actividad de la Clase 2 del TN arrancar\u00e1 el viernes con dos entrenamientos (11.30 a 12.40 y 13.30 a 14.40), para luego llevar a cabo la primera clasificaci\u00f3n (16.10 a 17). El s\u00e1bado ser\u00e1 la segunda clasificaci\u00f3n (10.50 a 11.40) y despu\u00e9s se correr\u00e1n las series a las 13.30, 14 y 14.30 a seis vueltas. El domingo la final ser\u00e1 desde las 12 a 16 vueltas o 35 minutos en el trazado de 3.120 metros.<\/p>\n","protected":false},"excerpt":{"rendered":"<p>Ignacio Procacitto ultim\u00f3 detalles para el regreso a la Clase 2 del Turismo Nacional, que ser\u00e1 este fin de semana en San Jorge.<\/p>\n","protected":false},"author":1,"featured_media":1446,"comment_status":"closed","ping_status":"closed","sticky":false,"template":"","format":"standard","meta":{"footnotes":""},"categories":[3],"tags":[],"class_list":["post-1444","post","type-post","status-publish","format-standard","has-post-thumbnail","hentry","category-novedades"],"_links":{"self":[{"href":"https:\/\/ignacioprocacitto.com.ar\/sitio\/wp-json\/wp\/v2\/posts\/1444","targetHints":{"allow":["GET"]}}],"collection":[{"href":"https:\/\/ignacioprocacitto.com.ar\/sitio\/wp-json\/wp\/v2\/posts"}],"about":[{"href":"https:\/\/ignacioprocacitto.com.ar\/sitio\/wp-json\/wp\/v2\/types\/post"}],"author":[{"embeddable":true,"href":"https:\/\/ignacioprocacitto.com.ar\/sitio\/wp-json\/wp\/v2\/users\/1"}],"replies":[{"embeddable":true,"href":"https:\/\/ignacioprocacitto.com.ar\/sitio\/wp-json\/wp\/v2\/comments?post=1444"}],"version-history":[{"count":0,"href":"https:\/\/ignacioprocacitto.com.ar\/sitio\/wp-json\/wp\/v2\/posts\/1444\/revisions"}],"wp:featuredmedia":[{"embeddable":true,"href":"https:\/\/ignacioprocacitto.com.ar\/sitio\/wp-json\/wp\/v2\/media\/1446"}],"wp:attachment":[{"href":"https:\/\/ignacioprocacitto.com.ar\/sitio\/wp-json\/wp\/v2\/media?parent=1444"}],"wp:term":[{"taxonomy":"category","embeddable":true,"href":"https:\/\/ignacioprocacitto.com.ar\/sitio\/wp-json\/wp\/v2\/categories?post=1444"},{"taxonomy":"post_tag","embeddable":true,"href":"https:\/\/ignacioprocacitto.com.ar\/sitio\/wp-json\/wp\/v2\/tags?post=1444"}],"curies":[{"name":"wp","href":"https:\/\/api.w.org\/{rel}","templated":true}]}}