{"id":1450,"date":"2016-03-14T00:51:12","date_gmt":"2016-03-14T00:51:12","guid":{"rendered":"http:\/\/www.ignacioprocacitto.com.ar\/sitio\/?p=1450"},"modified":"2016-03-14T00:51:12","modified_gmt":"2016-03-14T00:51:12","slug":"sumo-largando-desde-atras","status":"publish","type":"post","link":"https:\/\/ignacioprocacitto.com.ar\/sitio\/2016\/03\/14\/sumo-largando-desde-atras\/","title":{"rendered":"Sum\u00f3 largando desde atr\u00e1s"},"content":{"rendered":"<p>Ignacio Procacitto volvi\u00f3 al Turismo Nacional y no fue f\u00e1cil la incursi\u00f3n en el Parque de la Velocidad de San Jorge.<!--more--><\/p>\n<p>El rosense se sum\u00f3 al JCB Motor Sport dentro de la Clase 2 y termin\u00f3 19\u00ba, luego de partir 36\u00ba, y sum\u00f3 un par de puntos para el campeonato.<\/p>\n<p>El viernes el inicio fue auspicioso porque se ubic\u00f3 entre los diez mejores en el primer entrenamiento, pero luego el rendimiento empez\u00f3 a decaer. Faltaba un poco de chasis y un poco de motor para estar a la altura de las circunstancias, pero el equipo de Juan Carlos Bertozzi trabaj\u00f3 y se logr\u00f3 pulir detalles para tener confiabilidad y velocidad.<\/p>\n<p>Largando desde muy atr\u00e1s la serie tras una clasificaci\u00f3n mala, \u2018Nachi\u2019 Procacitto tuvo un toque en la primera curva donde pinch\u00f3 una goma, y cuando detuvo a cambiarla perdi\u00f3 mucho terreno. Lleg\u00f3 12\u00ba y el domingo ten\u00eda que volver a empezar desde el fondo.<\/p>\n<p>El espect\u00e1culo final lo tuvo largando con problemas, pero empez\u00f3 a recobrar lugares desde atr\u00e1s de todos, siendo peor que largar 36\u00ba. As\u00ed y todo pudo terminar 19\u00ba en buen ritmo personal, para sumar las primeras unidades del a\u00f1o.<\/p>\n<p>\u201cEn la largada el auto se par\u00f3, cuando mov\u00ed, y trat\u00e9 de ponerlo en marcha pero no arrancaba hasta que encendi\u00f3 y sal\u00ed. Despu\u00e9s trat\u00e9 de girar lo m\u00e1s r\u00e1pido que pod\u00eda y mantenerme en la pista para alcanzar al pelot\u00f3n. Lamentablemente no hubo un auto de seguridad que nos d\u00e9 una mano y la distancia que nos hab\u00edan hecho era imposible de descontar. Giramos en el ritmo que ten\u00edamos y pudimos arribar a la bandera a cuadros, que por el fin de semana en el que ven\u00edamos es bueno, y sumamos\u201d, asegur\u00f3 Ignacio Procacitto, el representante de Las Rosas que espera tener continuidad.<\/p>\n<p>La pr\u00f3xima fecha ser\u00e1 el fin de semana del 3 de abril en Olavarr\u00eda.<\/p>\n<p><em>Foto:\u00a0gentileza de Nicol\u00e1s Riccardi<\/em><\/p>\n","protected":false},"excerpt":{"rendered":"<p>Ignacio Procacitto volvi\u00f3 al Turismo Nacional y no fue f\u00e1cil la incursi\u00f3n en el Parque de la Velocidad de San Jorge.<\/p>\n","protected":false},"author":1,"featured_media":1466,"comment_status":"closed","ping_status":"closed","sticky":false,"template":"","format":"standard","meta":{"footnotes":""},"categories":[3],"tags":[],"class_list":["post-1450","post","type-post","status-publish","format-standard","has-post-thumbnail","hentry","category-novedades"],"_links":{"self":[{"href":"https:\/\/ignacioprocacitto.com.ar\/sitio\/wp-json\/wp\/v2\/posts\/1450","targetHints":{"allow":["GET"]}}],"collection":[{"href":"https:\/\/ignacioprocacitto.com.ar\/sitio\/wp-json\/wp\/v2\/posts"}],"about":[{"href":"https:\/\/ignacioprocacitto.com.ar\/sitio\/wp-json\/wp\/v2\/types\/post"}],"author":[{"embeddable":true,"href":"https:\/\/ignacioprocacitto.com.ar\/sitio\/wp-json\/wp\/v2\/users\/1"}],"replies":[{"embeddable":true,"href":"https:\/\/ignacioprocacitto.com.ar\/sitio\/wp-json\/wp\/v2\/comments?post=1450"}],"version-history":[{"count":0,"href":"https:\/\/ignacioprocacitto.com.ar\/sitio\/wp-json\/wp\/v2\/posts\/1450\/revisions"}],"wp:featuredmedia":[{"embeddable":true,"href":"https:\/\/ignacioprocacitto.com.ar\/sitio\/wp-json\/wp\/v2\/media\/1466"}],"wp:attachment":[{"href":"https:\/\/ignacioprocacitto.com.ar\/sitio\/wp-json\/wp\/v2\/media?parent=1450"}],"wp:term":[{"taxonomy":"category","embeddable":true,"href":"https:\/\/ignacioprocacitto.com.ar\/sitio\/wp-json\/wp\/v2\/categories?post=1450"},{"taxonomy":"post_tag","embeddable":true,"href":"https:\/\/ignacioprocacitto.com.ar\/sitio\/wp-json\/wp\/v2\/tags?post=1450"}],"curies":[{"name":"wp","href":"https:\/\/api.w.org\/{rel}","templated":true}]}}