{"id":1477,"date":"2016-03-29T19:01:57","date_gmt":"2016-03-29T19:01:57","guid":{"rendered":"http:\/\/www.ignacioprocacitto.com.ar\/sitio\/?p=1477"},"modified":"2016-03-29T19:01:57","modified_gmt":"2016-03-29T19:01:57","slug":"ignacio-procacitto-llega-mejor-preparado","status":"publish","type":"post","link":"https:\/\/ignacioprocacitto.com.ar\/sitio\/2016\/03\/29\/ignacio-procacitto-llega-mejor-preparado\/","title":{"rendered":"Ignacio Procacitto llega mejor preparado"},"content":{"rendered":"<p>Ignacio Procacitto espera con buenas perspectivas la tercera fecha del Turismo Nacional Clase 2, que ser\u00e1 este fin de semana en Olavarr\u00eda, Buenos Aires.<!--more--><\/p>\n<p>El representante de Las Rosas retom\u00f3 el entrenamiento dedicado como atleta del deporte motor, y adem\u00e1s se espera poder confirmar la presencia en todas las citas que restan.<\/p>\n<p>Si bien el panorama econ\u00f3mico sigue sin estar en situaci\u00f3n tranquilizadora, \u2018Nachi\u2019 Procacitto quiere tener revancha junto al JCB Motor Sport y ponerse en el nivel que ambas partes saben que pueden obtener. El auto llevar\u00e1 algunas mejoras de puesta a punto y eso deja m\u00e1s tranquilo al rosense.<\/p>\n<p>\u201cEn estos d\u00edas volv\u00ed a entrenar en Kinima, que me parece que es muy bueno volver a ponerme en forma. De esta manera llegar\u00e9 m\u00e1s preparado a San Jorge, y adem\u00e1s estamos esperanzados en que la continuidad se va a poder dar y estar presentes en la mayor\u00eda de las carreras que quedan del a\u00f1o. Soy consciente de que debo seguir conociendo el auto y herman\u00e1ndonos con el JCB Motor Sport\u201d, asegur\u00f3 Procacitto.<\/p>\n<p>Y concluy\u00f3: \u201cAdem\u00e1s debo conocer Olavarr\u00eda, un circuito nuevo para m\u00ed, que por lo que estuve viendo es muy r\u00e1pido. Hay que saber manejar la potencia que tengamos y estar entre los de adelante, porque ese es el objetivo de ac\u00e1 a fin de a\u00f1o. Estar cerca de los de arriba ser\u00e1 excelente para nosotros, haciendo el mejor papel posible\u201d.<\/p>\n<p>La actividad de la Clase 2 del TN arrancar\u00e1 el viernes con dos entrenamientos (11.30 a 12.40 y 13.30 a 14.40), para luego llevar a cabo la primera clasificaci\u00f3n (16.10 a 17). El s\u00e1bado ser\u00e1 la segunda clasificaci\u00f3n (10.50 a 11.40) y despu\u00e9s se correr\u00e1n las series a las 13.30, 14 y 14.30 a seis vueltas. El domingo la final ser\u00e1 desde las 12 a 16 vueltas o 35 minutos en el trazado de 4.313 metros.<\/p>\n","protected":false},"excerpt":{"rendered":"<p>Ignacio Procacitto espera con buenas perspectivas la tercera fecha del Turismo Nacional Clase 2, que ser\u00e1 este fin de semana en Olavarr\u00eda, Buenos Aires.<\/p>\n","protected":false},"author":1,"featured_media":1480,"comment_status":"closed","ping_status":"closed","sticky":false,"template":"","format":"standard","meta":{"footnotes":""},"categories":[3],"tags":[],"class_list":["post-1477","post","type-post","status-publish","format-standard","has-post-thumbnail","hentry","category-novedades"],"_links":{"self":[{"href":"https:\/\/ignacioprocacitto.com.ar\/sitio\/wp-json\/wp\/v2\/posts\/1477","targetHints":{"allow":["GET"]}}],"collection":[{"href":"https:\/\/ignacioprocacitto.com.ar\/sitio\/wp-json\/wp\/v2\/posts"}],"about":[{"href":"https:\/\/ignacioprocacitto.com.ar\/sitio\/wp-json\/wp\/v2\/types\/post"}],"author":[{"embeddable":true,"href":"https:\/\/ignacioprocacitto.com.ar\/sitio\/wp-json\/wp\/v2\/users\/1"}],"replies":[{"embeddable":true,"href":"https:\/\/ignacioprocacitto.com.ar\/sitio\/wp-json\/wp\/v2\/comments?post=1477"}],"version-history":[{"count":0,"href":"https:\/\/ignacioprocacitto.com.ar\/sitio\/wp-json\/wp\/v2\/posts\/1477\/revisions"}],"wp:featuredmedia":[{"embeddable":true,"href":"https:\/\/ignacioprocacitto.com.ar\/sitio\/wp-json\/wp\/v2\/media\/1480"}],"wp:attachment":[{"href":"https:\/\/ignacioprocacitto.com.ar\/sitio\/wp-json\/wp\/v2\/media?parent=1477"}],"wp:term":[{"taxonomy":"category","embeddable":true,"href":"https:\/\/ignacioprocacitto.com.ar\/sitio\/wp-json\/wp\/v2\/categories?post=1477"},{"taxonomy":"post_tag","embeddable":true,"href":"https:\/\/ignacioprocacitto.com.ar\/sitio\/wp-json\/wp\/v2\/tags?post=1477"}],"curies":[{"name":"wp","href":"https:\/\/api.w.org\/{rel}","templated":true}]}}