{"id":1483,"date":"2016-04-04T02:12:54","date_gmt":"2016-04-04T02:12:54","guid":{"rendered":"http:\/\/www.ignacioprocacitto.com.ar\/sitio\/?p=1483"},"modified":"2016-04-04T02:12:54","modified_gmt":"2016-04-04T02:12:54","slug":"venia-sumando-se-paro","status":"publish","type":"post","link":"https:\/\/ignacioprocacitto.com.ar\/sitio\/2016\/04\/04\/venia-sumando-se-paro\/","title":{"rendered":"Ven\u00eda sumando y se par\u00f3"},"content":{"rendered":"<p>Ignacio Procacitto se qued\u00f3 con las manos vac\u00edas a pesar de cumplir una buena actuaci\u00f3n personal en Olavarr\u00eda.<!--more--><\/p>\n<p>La tercera fecha de la Clase 2 del Turismo Nacional fue dura pero junto al JCB Motor Sport se progres\u00f3 en todo momento, y marchando 14\u00ba la caja dijo basta al romperse un soporte de motor.<\/p>\n<p>El viernes con un clima adverso y azaroso con lloviznas inconsistentes, se entren\u00f3 y clasific\u00f3 bastante relegado. El volante de Las Rosas notaba mucha ida de trompa, pero el s\u00e1bado algo se pudo mejorar, clasificando 31\u00ba pero teniendo una serie en buen ritmo de manejo, para pasar de 11\u00ba a 7\u00ba.<\/p>\n<p>En la grilla final, Procacitto parti\u00f3 19\u00ba y poco a poco gan\u00f3 algunas posiciones, fundamentalmente en la largada haciendo muy bien las cosas. Luego el potencial en la recta no le permiti\u00f3 pasar rivales, aunque a base de ser prolijo, pudo llegar a ser 14\u00ba faltando dos vueltas. Pero un soporte del motor se rompi\u00f3, los cambios dejaron de entrar y \u2018Nachi\u2019 se qued\u00f3 a pie.<\/p>\n<p>\u201cHab\u00edamos hecho una buena largada pasando algunos autos, no perdimos posiciones y ven\u00edamos en ritmo. Fue una carrera entretenida con algunos sobrepasos, hasta que empezamos con problemas de caja desde la segunda vuelta, ya que sent\u00eda un golpe sobre la palanca\u201d, explic\u00f3 Procacitto.<\/p>\n<p>Y continu\u00f3: \u201cTuve que renegar mucho al poner la quinta y sexta marcha, y faltando dos vueltas se termin\u00f3 de romper. Los chicos me comentaron que se rompi\u00f3 el soporte de motor. Sabemos que son fierros y que tendremos revancha\u201d.<\/p>\n<p>Ya pensando en lo que ser\u00e1 la cuarta del a\u00f1o, el rosense asegur\u00f3: \u201cSan Luis es un circuito que me cae bastante bien, y trabajaremos para mejorar estos detalles y tambi\u00e9n el rendimiento, porque parece que la marca est\u00e1 castigada o es que nosotros no le encontramos la vuelta. Habr\u00e1 que trabajar para estar m\u00e1s adelante\u201d.<\/p>\n<p>Y cerr\u00f3: \u201cAgradezco a mis auspiciantes, a mi familia, mis amigos, a mi novia que me acompa\u00f1a, a mi hermana que qued\u00f3 en Las Rosas. Esperemos poder darle continuidad al proyecto como digo siempre, para que de sus buenos frutos\u201d.<\/p>\n<p>La pr\u00f3xima fecha ser\u00e1 el fin de semana del 24 de abril en San Luis.<\/p>\n","protected":false},"excerpt":{"rendered":"<p>Ignacio Procacitto se qued\u00f3 con las manos vac\u00edas a pesar de cumplir una buena actuaci\u00f3n personal en Olavarr\u00eda.<\/p>\n","protected":false},"author":1,"featured_media":1485,"comment_status":"closed","ping_status":"closed","sticky":false,"template":"","format":"standard","meta":{"footnotes":""},"categories":[3],"tags":[],"class_list":["post-1483","post","type-post","status-publish","format-standard","has-post-thumbnail","hentry","category-novedades"],"_links":{"self":[{"href":"https:\/\/ignacioprocacitto.com.ar\/sitio\/wp-json\/wp\/v2\/posts\/1483","targetHints":{"allow":["GET"]}}],"collection":[{"href":"https:\/\/ignacioprocacitto.com.ar\/sitio\/wp-json\/wp\/v2\/posts"}],"about":[{"href":"https:\/\/ignacioprocacitto.com.ar\/sitio\/wp-json\/wp\/v2\/types\/post"}],"author":[{"embeddable":true,"href":"https:\/\/ignacioprocacitto.com.ar\/sitio\/wp-json\/wp\/v2\/users\/1"}],"replies":[{"embeddable":true,"href":"https:\/\/ignacioprocacitto.com.ar\/sitio\/wp-json\/wp\/v2\/comments?post=1483"}],"version-history":[{"count":0,"href":"https:\/\/ignacioprocacitto.com.ar\/sitio\/wp-json\/wp\/v2\/posts\/1483\/revisions"}],"wp:featuredmedia":[{"embeddable":true,"href":"https:\/\/ignacioprocacitto.com.ar\/sitio\/wp-json\/wp\/v2\/media\/1485"}],"wp:attachment":[{"href":"https:\/\/ignacioprocacitto.com.ar\/sitio\/wp-json\/wp\/v2\/media?parent=1483"}],"wp:term":[{"taxonomy":"category","embeddable":true,"href":"https:\/\/ignacioprocacitto.com.ar\/sitio\/wp-json\/wp\/v2\/categories?post=1483"},{"taxonomy":"post_tag","embeddable":true,"href":"https:\/\/ignacioprocacitto.com.ar\/sitio\/wp-json\/wp\/v2\/tags?post=1483"}],"curies":[{"name":"wp","href":"https:\/\/api.w.org\/{rel}","templated":true}]}}