{"id":1489,"date":"2016-05-10T16:46:55","date_gmt":"2016-05-10T16:46:55","guid":{"rendered":"http:\/\/www.ignacioprocacitto.com.ar\/sitio\/?p=1489"},"modified":"2016-05-10T16:46:55","modified_gmt":"2016-05-10T16:46:55","slug":"ignacio-procacitto-nuevo-al-ruedo","status":"publish","type":"post","link":"https:\/\/ignacioprocacitto.com.ar\/sitio\/2016\/05\/10\/ignacio-procacitto-nuevo-al-ruedo\/","title":{"rendered":"Ignacio Procacitto de nuevo al ruedo"},"content":{"rendered":"<p>Ignacio Procacitto estar\u00e1 retornando a la Clase 2 del Turismo Nacional este fin de semana con el JCB Motor Sport, luego de estar ausente en San Luis.<!--more--><\/p>\n<p>El representante de Las Rosas buscar\u00e1 en La Plata tener una buena actuaci\u00f3n, ahora que los Chevrolet est\u00e1n un poco mejor en el reglamento respecto de lo que se encontraban anteriormente.\u00a0Un parate obligado lo hizo estar ausente en San Luis, pero afortunadamente ya estar\u00e1 volviendo a la actividad que le apasiona, y m\u00e1s en una categor\u00eda como es el TN, donde la gran mayor\u00eda de los pilotos de la regi\u00f3n sue\u00f1an con estar. \u2018Nachi\u2019 Procacitto estuvo trabajando plenamente de cara a la cita platense, donde la categor\u00eda inici\u00f3 el calendario 2016.<\/p>\n<p>\u201cVamos esperanzados en revertir la situaci\u00f3n de las dos carreras que disputamos en lo que va del calendario, tanto en San Jorge como en Olavarr\u00eda donde no tuvimos el funcionamiento esperado. Si bien en Olavarr\u00eda est\u00e1bamos teniendo un buen papel paramos a poco del final y queremos revertir esa imagen\u201d, asegur\u00f3 el rosense, quien sabe que ahora los Corsa est\u00e1n m\u00e1s parejos respecto de otras marcas.<\/p>\n<p>Por otro lado, Ignacio explic\u00f3: \u201cEl equipo est\u00e1 totalmente capacitado para andar bien y lo han demostrado en San Luis, donde no se pudo redondear en la final. Ahora vuelvo y me siento muy bien\u201d.\u00a0Y concluy\u00f3: \u201cEstuvimos d\u00e1ndole duro con Facu Garayalde en el entrenamiento psicof\u00edsico, la concentraci\u00f3n y el an\u00e1lisis del circuito, que por suerte ya lo conozco de la F\u00f3rmula Renault Plus. Con el Turismo ser\u00e1 distinto y habr\u00e1 que trabajar para sacar lo mejor de cada una de las partes\u201d.<\/p>\n<p>La actividad tendr\u00e1 cronograma habitual, iniciando los entrenamientos el viernes (11.30 a 12.40 y 13.30 a 14.40) y desde las 16.10 la primera clasificaci\u00f3n (16.10 a 17). El s\u00e1bado se disputar\u00e1 la segunda clasificaci\u00f3n (10.50 a 11.40) y luego las series (13.30, 14 y 14.30) a seis vueltas cada una. El domingo se producir\u00e1 la gran final desde las 12, a 16 vueltas o un m\u00e1ximo de 35 minutos en el circuito de 4.265 metros de extensi\u00f3n.<\/p>\n","protected":false},"excerpt":{"rendered":"<p>Ignacio Procacitto estar\u00e1 retornando a la Clase 2 del Turismo Nacional este fin de semana con el JCB Motor Sport, luego de estar ausente en San Luis.<\/p>\n","protected":false},"author":1,"featured_media":1493,"comment_status":"closed","ping_status":"closed","sticky":false,"template":"","format":"standard","meta":{"footnotes":""},"categories":[3],"tags":[],"class_list":["post-1489","post","type-post","status-publish","format-standard","has-post-thumbnail","hentry","category-novedades"],"_links":{"self":[{"href":"https:\/\/ignacioprocacitto.com.ar\/sitio\/wp-json\/wp\/v2\/posts\/1489","targetHints":{"allow":["GET"]}}],"collection":[{"href":"https:\/\/ignacioprocacitto.com.ar\/sitio\/wp-json\/wp\/v2\/posts"}],"about":[{"href":"https:\/\/ignacioprocacitto.com.ar\/sitio\/wp-json\/wp\/v2\/types\/post"}],"author":[{"embeddable":true,"href":"https:\/\/ignacioprocacitto.com.ar\/sitio\/wp-json\/wp\/v2\/users\/1"}],"replies":[{"embeddable":true,"href":"https:\/\/ignacioprocacitto.com.ar\/sitio\/wp-json\/wp\/v2\/comments?post=1489"}],"version-history":[{"count":0,"href":"https:\/\/ignacioprocacitto.com.ar\/sitio\/wp-json\/wp\/v2\/posts\/1489\/revisions"}],"wp:featuredmedia":[{"embeddable":true,"href":"https:\/\/ignacioprocacitto.com.ar\/sitio\/wp-json\/wp\/v2\/media\/1493"}],"wp:attachment":[{"href":"https:\/\/ignacioprocacitto.com.ar\/sitio\/wp-json\/wp\/v2\/media?parent=1489"}],"wp:term":[{"taxonomy":"category","embeddable":true,"href":"https:\/\/ignacioprocacitto.com.ar\/sitio\/wp-json\/wp\/v2\/categories?post=1489"},{"taxonomy":"post_tag","embeddable":true,"href":"https:\/\/ignacioprocacitto.com.ar\/sitio\/wp-json\/wp\/v2\/tags?post=1489"}],"curies":[{"name":"wp","href":"https:\/\/api.w.org\/{rel}","templated":true}]}}