{"id":1505,"date":"2016-05-16T03:43:00","date_gmt":"2016-05-16T03:43:00","guid":{"rendered":"http:\/\/www.ignacioprocacitto.com.ar\/sitio\/?p=1505"},"modified":"2016-05-16T03:43:00","modified_gmt":"2016-05-16T03:43:00","slug":"no-fue-retorno-esperado","status":"publish","type":"post","link":"https:\/\/ignacioprocacitto.com.ar\/sitio\/2016\/05\/16\/no-fue-retorno-esperado\/","title":{"rendered":"No fue el retorno esperado"},"content":{"rendered":"<p>Ignacio Procacitto fue 22\u00ba en La Plata, en una complicada quinta fecha de Turismo Nacional Clase 2.<!--more--><\/p>\n<p>El rosense pen\u00f3 con el auto todo el fin de semana pero al menos cumpli\u00f3 su parte conductiva llegando 22\u00ba tras largar \u00faltimo con una lluvia muy perjudicial.<\/p>\n<p>Tanto viernes como s\u00e1bado Procacitto no pudo salir de los puestos de retaguardia, pero para las series del s\u00e1bado se esperaba remontar. Antes de largar, los esp\u00e1rragos de una rueda se rompieron y no pudo largar, quedando al fondo de la grilla final.<\/p>\n<p>La competencia final se inici\u00f3 con procedimiento de pista h\u00fameda, y los autos quedaron muy separados, alejando m\u00e1s las oportunidades de sobrepaso, que ya de por s\u00ed eran muy escasas por el spray que elevaban los veh\u00edculos. Poco a poco, yendo e menor a mayor, \u2018Nachi\u2019 pudo acercarse a la zona de puntos pero falt\u00f3 poco para sumar. Fue 22\u00ba, y no pudo rescatar nada positivo en lo tangible.<\/p>\n<p>\u201cFue un fin de semana dif\u00edcil, complicado porque no tuvimos un buen rendimiento del auto y no era f\u00e1cil avanzar con la lluvia. En la grilla de la serie se rompieron los esp\u00e1rragos de una rueda y no pudimos largar. Eso nos complic\u00f3 y nos hizo largar \u00faltimos en la final. Por las cubiertas viejas que ten\u00edamos era muy dif\u00edcil correr, adem\u00e1s la visibilidad era poca\u201d, coment\u00f3 Procacitto tras la prueba final.<\/p>\n<p>Y agreg\u00f3: \u201cPrefer\u00ed girar y esperar que se caigan varios. El ritmo que ten\u00edamos era bueno pero est\u00e1bamos lejos, se larg\u00f3 muy desordenado y encima no se ve\u00eda nada. Reci\u00e9n en las \u00faltimas vueltas ten\u00edamos una luz para poder ver. No quer\u00edamos romper el auto y venimos con mucho sacrificio para arriesgar\u201d.<\/p>\n<p>Luego de este retorno, ahora el rosense evaluar\u00e1 la continuidad debido al presupuesto con el que cuenta, que no es el ideal. \u201cVamos a seguir trabajando a pleno y trataremos de estar en la mayor cantidad de carreras posible, priorizando las que est\u00e9n m\u00e1s cerca de Las Rosas. Veremos si podemos estar en Toay sino ser\u00e1 m\u00e1s adelante\u201d, asegur\u00f3.<\/p>\n<p>Y finaliz\u00f3: \u201cAgradezco a los auspiciantes, a mi familia y mi novia que me acompa\u00f1an, y en estos momentos es cuando m\u00e1s se nota. Esperemos revertir el panorama porque nunca vamos a dar el brazo a torcer en esto que nos apasiona. Ya vendr\u00e1n los buenos momentos otra vez\u201d.<\/p>\n<p>La pr\u00f3xima fecha del TN ser\u00e1 en Toay, La Pampa, el fin de semana del 5 de junio.<\/p>\n","protected":false},"excerpt":{"rendered":"<p>Ignacio Procacitto fue 22\u00ba en La Plata, en una complicada quinta fecha de Turismo Nacional Clase 2.<\/p>\n","protected":false},"author":1,"featured_media":1507,"comment_status":"closed","ping_status":"closed","sticky":false,"template":"","format":"standard","meta":{"footnotes":""},"categories":[3],"tags":[],"class_list":["post-1505","post","type-post","status-publish","format-standard","has-post-thumbnail","hentry","category-novedades"],"_links":{"self":[{"href":"https:\/\/ignacioprocacitto.com.ar\/sitio\/wp-json\/wp\/v2\/posts\/1505","targetHints":{"allow":["GET"]}}],"collection":[{"href":"https:\/\/ignacioprocacitto.com.ar\/sitio\/wp-json\/wp\/v2\/posts"}],"about":[{"href":"https:\/\/ignacioprocacitto.com.ar\/sitio\/wp-json\/wp\/v2\/types\/post"}],"author":[{"embeddable":true,"href":"https:\/\/ignacioprocacitto.com.ar\/sitio\/wp-json\/wp\/v2\/users\/1"}],"replies":[{"embeddable":true,"href":"https:\/\/ignacioprocacitto.com.ar\/sitio\/wp-json\/wp\/v2\/comments?post=1505"}],"version-history":[{"count":0,"href":"https:\/\/ignacioprocacitto.com.ar\/sitio\/wp-json\/wp\/v2\/posts\/1505\/revisions"}],"wp:featuredmedia":[{"embeddable":true,"href":"https:\/\/ignacioprocacitto.com.ar\/sitio\/wp-json\/wp\/v2\/media\/1507"}],"wp:attachment":[{"href":"https:\/\/ignacioprocacitto.com.ar\/sitio\/wp-json\/wp\/v2\/media?parent=1505"}],"wp:term":[{"taxonomy":"category","embeddable":true,"href":"https:\/\/ignacioprocacitto.com.ar\/sitio\/wp-json\/wp\/v2\/categories?post=1505"},{"taxonomy":"post_tag","embeddable":true,"href":"https:\/\/ignacioprocacitto.com.ar\/sitio\/wp-json\/wp\/v2\/tags?post=1505"}],"curies":[{"name":"wp","href":"https:\/\/api.w.org\/{rel}","templated":true}]}}