{"id":1534,"date":"2016-09-15T21:38:31","date_gmt":"2016-09-15T21:38:31","guid":{"rendered":"http:\/\/www.ignacioprocacitto.com.ar\/sitio\/?p=1534"},"modified":"2016-09-15T21:38:31","modified_gmt":"2016-09-15T21:38:31","slug":"ultimo-ensayo-correr","status":"publish","type":"post","link":"https:\/\/ignacioprocacitto.com.ar\/sitio\/2016\/09\/15\/ultimo-ensayo-correr\/","title":{"rendered":"\u00daltimo ensayo y a correr"},"content":{"rendered":"<p>En la jornada previa a la novena fecha del Turismo Nacional, Ignacio Procacitto ensay\u00f3 con el Chevrolet Corsa de Clase 2 que le alista el equipo JCB Motor Sport. <!--more-->En el escenario donde se correr\u00e1 desde ma\u00f1ana, el \u2018Parque de la Velocidad\u2019 de San Jorge, el piloto de Las Rosas sac\u00f3 provecho nuevamente para estar bien preparado.<\/p>\n<p>Sin la intensidad de la semana pasada, procurando no gastar demasiado el veh\u00edculo que luce el n\u00famero 81 en sus laterales, \u2018Nachi\u2019 Procacitto gir\u00f3 con el motor de carrera y se confirmaron las buenas sensaciones de la prueba anterior.<\/p>\n<p>\u201cDebido a que ya hab\u00edamos hecho una extensa prueba durante la semana anterior, en esta ocasi\u00f3n solamente hicimos una tanda de tres o cuatro vueltas r\u00e1pidas nada m\u00e1s, porque enseguida obtuvimos pr\u00e1cticamente el mismo tiempo de la vez pasada\u201d, relat\u00f3 Procacitto, sabiendo que los par\u00e1metros fueron positivos.<\/p>\n<p>Y a\u00f1adi\u00f3: \u201cPusimos una mejor goma para intentar un mejor tiempo pero no sali\u00f3 la vuelta. De todas maneras estamos bien, sobre todo si nos comparamos dentro del equipo, no desentonamos para nada\u201d. Ahora Ignacio descansar\u00e1 hasta llegado el momento de la actividad oficial en el aut\u00f3dromo sanjorgense, esperando much\u00edsimo p\u00fablico y adem\u00e1s, gente de Las Rosas que estar\u00e1 all\u00ed alentando y acompa\u00f1ando a su representante.<\/p>\n","protected":false},"excerpt":{"rendered":"<p>En la jornada previa a la novena fecha del Turismo Nacional, Ignacio Procacitto ensay\u00f3 con el Chevrolet Corsa de Clase 2 que le alista el equipo JCB Motor Sport.<\/p>\n","protected":false},"author":1,"featured_media":1536,"comment_status":"closed","ping_status":"closed","sticky":false,"template":"","format":"standard","meta":{"footnotes":""},"categories":[3],"tags":[],"class_list":["post-1534","post","type-post","status-publish","format-standard","has-post-thumbnail","hentry","category-novedades"],"_links":{"self":[{"href":"https:\/\/ignacioprocacitto.com.ar\/sitio\/wp-json\/wp\/v2\/posts\/1534","targetHints":{"allow":["GET"]}}],"collection":[{"href":"https:\/\/ignacioprocacitto.com.ar\/sitio\/wp-json\/wp\/v2\/posts"}],"about":[{"href":"https:\/\/ignacioprocacitto.com.ar\/sitio\/wp-json\/wp\/v2\/types\/post"}],"author":[{"embeddable":true,"href":"https:\/\/ignacioprocacitto.com.ar\/sitio\/wp-json\/wp\/v2\/users\/1"}],"replies":[{"embeddable":true,"href":"https:\/\/ignacioprocacitto.com.ar\/sitio\/wp-json\/wp\/v2\/comments?post=1534"}],"version-history":[{"count":0,"href":"https:\/\/ignacioprocacitto.com.ar\/sitio\/wp-json\/wp\/v2\/posts\/1534\/revisions"}],"wp:featuredmedia":[{"embeddable":true,"href":"https:\/\/ignacioprocacitto.com.ar\/sitio\/wp-json\/wp\/v2\/media\/1536"}],"wp:attachment":[{"href":"https:\/\/ignacioprocacitto.com.ar\/sitio\/wp-json\/wp\/v2\/media?parent=1534"}],"wp:term":[{"taxonomy":"category","embeddable":true,"href":"https:\/\/ignacioprocacitto.com.ar\/sitio\/wp-json\/wp\/v2\/categories?post=1534"},{"taxonomy":"post_tag","embeddable":true,"href":"https:\/\/ignacioprocacitto.com.ar\/sitio\/wp-json\/wp\/v2\/tags?post=1534"}],"curies":[{"name":"wp","href":"https:\/\/api.w.org\/{rel}","templated":true}]}}