{"id":1539,"date":"2016-09-18T19:32:43","date_gmt":"2016-09-18T19:32:43","guid":{"rendered":"http:\/\/www.ignacioprocacitto.com.ar\/sitio\/?p=1539"},"modified":"2016-09-18T19:32:43","modified_gmt":"2016-09-18T19:32:43","slug":"no-se-pudo-aprovechar","status":"publish","type":"post","link":"https:\/\/ignacioprocacitto.com.ar\/sitio\/2016\/09\/18\/no-se-pudo-aprovechar\/","title":{"rendered":"No se pudo aprovechar"},"content":{"rendered":"<p>El rosense Ignacio Procacitto volvi\u00f3 al Turismo Nacional y complet\u00f3 la exigencia en San Jorge, llegando 20\u00ba en la novena fecha de la Clase 2. <!--more-->Con uno de los Chevrolet Corsa del JCB Motor Sport, el ex-campe\u00f3n de F\u00f3rmula Renault Plus se mostr\u00f3 muy competitivo, aunque el resultado final no pudo ser el que merec\u00eda.<\/p>\n<p>Arrancando tercero en el primer entrenamiento del viernes, el nivel de \u2018Nachi\u2019 Procacitto era de punta. En la segunda tanda, con una tendencia de cola, el auto no le permiti\u00f3 estar tan adelante pero fue noveno. A partir de all\u00ed las cosas no salieron bien, porque en la primera clasificaci\u00f3n se rompi\u00f3 la placa del embrague, y eso no le permiti\u00f3 girar.<\/p>\n<p>El s\u00e1bado, tratando de revertir la situaci\u00f3n, Procacitto intent\u00f3 buscar un buen tiempo pero no se logr\u00f3, y qued\u00f3 23\u00ba en la general. Partiendo octavo en su serie, la segunda, en la tarde no tuvo una buena partida y si bien se recuper\u00f3, fue en parte porque lleg\u00f3 d\u00e9cimo.<\/p>\n<p>Largando 29\u00ba, el volante de Las Rosas ten\u00eda una dura exigencia porque no era f\u00e1cil pensar en sumar puntos en un trazado como el del Parque de la Velocidad, ya que se dificultan los sobrepasos por las caracter\u00edsticas del escenario. De todas maneras, largando muy bien empez\u00f3 a superar autos y termin\u00f3 vig\u00e9simo, sumando un punto pero quedando conforme con el rendimiento del auto. La clave era clasificar, y no se aprovech\u00f3 como se deb\u00eda.<\/p>\n<p>\u201cAnduvimos complicados por un lado pero bien por otros. Cuando ten\u00edamos que demostrar para lo que est\u00e1bamos, no lo pudimos hacer que fue a la hora de clasificar, pero nos quedamos conformes con el ritmo del auto, que es bueno como vimos en la final. Deb\u00edamos largar m\u00e1s adelante quiz\u00e1s y no lo pudimos hacer primero por la rotura del embrague y en la segunda porque nuestra vuelta para estar entre los cinco mejores, se abort\u00f3 por una bandera roja. Despu\u00e9s sabemos que es un circuito donde hay que mantenerse en pista porque es dif\u00edcil pasarse\u201d, coment\u00f3 Procacitto, argumentando las razones de un fin de semana que pintaba mejor, porque el potencial esta vez estaba.<\/p>\n<p>Al no poder hacer nada, ya se piensa en la fecha venidera, en Alta Gracia, y por eso Ignacio asegur\u00f3: \u201cAhora esperamos tener revancha en Alta Gracia, porque si vamos creemos que podemos andar muy bien como el a\u00f1o pasado, buscando protagonismo. Si tenemos el auto con este nivel en Alta Gracia, calculo que andaremos bien, y sabemos que ser\u00e1 una pista donde se puede recuperar si las cosas no salen bien. Nos quedamos con sabor a poco\u201d.<\/p>\n<p>Finalmente, \u2018Nachi\u2019 expres\u00f3: \u201cAgradezco a todos los auspiciantes que nos ayudan much\u00edsimo, esperamos poder contar con un mayor apoyo para tener continuidad en la Clase 2, y gracias a mi familia y el apoyo que nos dan, esperamos estar en Alta Gracia. P\u00e1rrafo aparte el agradecimiento para mi novia, que a pesar de no sentirse bien vino a acompa\u00f1arme. Todos hacen que este proyecto est\u00e9 en pie y deseamos darle continuidad\u201d.<\/p>\n","protected":false},"excerpt":{"rendered":"<p>El rosense Ignacio Procacitto volvi\u00f3 al Turismo Nacional y complet\u00f3 la exigencia en San Jorge, llegando 20\u00ba en la novena fecha de la Clase 2.<\/p>\n","protected":false},"author":1,"featured_media":1541,"comment_status":"closed","ping_status":"closed","sticky":false,"template":"","format":"standard","meta":{"footnotes":""},"categories":[3],"tags":[],"class_list":["post-1539","post","type-post","status-publish","format-standard","has-post-thumbnail","hentry","category-novedades"],"_links":{"self":[{"href":"https:\/\/ignacioprocacitto.com.ar\/sitio\/wp-json\/wp\/v2\/posts\/1539","targetHints":{"allow":["GET"]}}],"collection":[{"href":"https:\/\/ignacioprocacitto.com.ar\/sitio\/wp-json\/wp\/v2\/posts"}],"about":[{"href":"https:\/\/ignacioprocacitto.com.ar\/sitio\/wp-json\/wp\/v2\/types\/post"}],"author":[{"embeddable":true,"href":"https:\/\/ignacioprocacitto.com.ar\/sitio\/wp-json\/wp\/v2\/users\/1"}],"replies":[{"embeddable":true,"href":"https:\/\/ignacioprocacitto.com.ar\/sitio\/wp-json\/wp\/v2\/comments?post=1539"}],"version-history":[{"count":0,"href":"https:\/\/ignacioprocacitto.com.ar\/sitio\/wp-json\/wp\/v2\/posts\/1539\/revisions"}],"wp:featuredmedia":[{"embeddable":true,"href":"https:\/\/ignacioprocacitto.com.ar\/sitio\/wp-json\/wp\/v2\/media\/1541"}],"wp:attachment":[{"href":"https:\/\/ignacioprocacitto.com.ar\/sitio\/wp-json\/wp\/v2\/media?parent=1539"}],"wp:term":[{"taxonomy":"category","embeddable":true,"href":"https:\/\/ignacioprocacitto.com.ar\/sitio\/wp-json\/wp\/v2\/categories?post=1539"},{"taxonomy":"post_tag","embeddable":true,"href":"https:\/\/ignacioprocacitto.com.ar\/sitio\/wp-json\/wp\/v2\/tags?post=1539"}],"curies":[{"name":"wp","href":"https:\/\/api.w.org\/{rel}","templated":true}]}}