{"id":1568,"date":"2016-10-05T18:13:11","date_gmt":"2016-10-05T18:13:11","guid":{"rendered":"http:\/\/www.ignacioprocacitto.com.ar\/sitio\/?p=1568"},"modified":"2016-10-05T18:13:11","modified_gmt":"2016-10-05T18:13:11","slug":"quiere-revancha-alta-gracia","status":"publish","type":"post","link":"https:\/\/ignacioprocacitto.com.ar\/sitio\/2016\/10\/05\/quiere-revancha-alta-gracia\/","title":{"rendered":"Quiere revancha en Alta Gracia"},"content":{"rendered":"<p>Ignacio Procacitto disputar\u00e1 este fin de semana la d\u00e9cima fecha del Turismo Nacional Clase 2, donde sabe que puede colarse entre los protagonistas si todo funciona bien otra vez. <!--more-->El representante de Las Rosas volvi\u00f3 en San Jorge y a su enorme potencial lo frenaron diversos inconvenientes, por eso ahora va por la revancha.<\/p>\n<p>Si bien complet\u00f3 la final en San Jorge y el auto tuvo ritmo, lo m\u00e1s destacado de \u2018Nachi\u2019 Procacitto en San Jorge es que se vio un enorme salto de rendimiento general en el Chevrolet Corsa n\u00famero 81, alistado por el equipo JCB Motor Sport.<\/p>\n<p>Por otro lado, para Procacitto ser\u00e1 volver a un escenario que conoce mucho por su paso por la FR Plus, divisional donde fue campe\u00f3n en 2014, y como si fuera poco, en 2015 con el Schiav\u00f3n Sport logr\u00f3 pelear entre los diez mejores hasta que un toque lo releg\u00f3 al puesto 19.<\/p>\n<p>\u201cHubiese bueno poder organizar alguna prueba antes de ir a Alta Gracia pero no pudimos porque tras la carrera de San Jorge no hubo tiempo suficiente para llevarla a cabo. Igualmente estamos confiados en que tenemos el gran potencial de San Jorge, para demostrarlo tanto en entrenamientos como en clasificaci\u00f3n y nuevamente en carrera, haci\u00e9ndolo m\u00e1s adelante\u201d, coment\u00f3 Ignacio.<\/p>\n<p>Y a\u00f1adi\u00f3: \u201cEl auto se revis\u00f3 muy bien ya que necesitamos mejorar un poco en lo derecho y vamos a ver si podemos mejorar eso en cada salida a pista. Estamos concentrados en hacer un buen papel, porque en Alta Gracia tenemos muy buenas referencias\u201d.<\/p>\n<p>Para la Clase 2, la actividad arrancar\u00e1 el viernes con los dos entrenamientos (11.30 a 12.40 y 13.30 a 14.40), para disputar luego la primera clasificaci\u00f3n (16.10 a 17). El s\u00e1bado se completar\u00e1 la clasificaci\u00f3n con la segunda tanda (11.20 a 12.10) y por la tarde se correr\u00e1n las series (14, 14.30 y 15, a seis vueltas cada una). La final del domingo ser\u00e1 desde las 12, a 16 giros o un m\u00e1ximo de 35 minutos de duraci\u00f3n en el trazado de 4.045 metros de extensi\u00f3n.<\/p>\n","protected":false},"excerpt":{"rendered":"<p>Ignacio Procacitto disputar\u00e1 este fin de semana la d\u00e9cima fecha del Turismo Nacional Clase 2, donde sabe que puede colarse entre los protagonistas si todo funciona bien otra vez.<\/p>\n","protected":false},"author":1,"featured_media":1554,"comment_status":"closed","ping_status":"closed","sticky":false,"template":"","format":"standard","meta":{"footnotes":""},"categories":[3],"tags":[],"class_list":["post-1568","post","type-post","status-publish","format-standard","has-post-thumbnail","hentry","category-novedades"],"_links":{"self":[{"href":"https:\/\/ignacioprocacitto.com.ar\/sitio\/wp-json\/wp\/v2\/posts\/1568","targetHints":{"allow":["GET"]}}],"collection":[{"href":"https:\/\/ignacioprocacitto.com.ar\/sitio\/wp-json\/wp\/v2\/posts"}],"about":[{"href":"https:\/\/ignacioprocacitto.com.ar\/sitio\/wp-json\/wp\/v2\/types\/post"}],"author":[{"embeddable":true,"href":"https:\/\/ignacioprocacitto.com.ar\/sitio\/wp-json\/wp\/v2\/users\/1"}],"replies":[{"embeddable":true,"href":"https:\/\/ignacioprocacitto.com.ar\/sitio\/wp-json\/wp\/v2\/comments?post=1568"}],"version-history":[{"count":0,"href":"https:\/\/ignacioprocacitto.com.ar\/sitio\/wp-json\/wp\/v2\/posts\/1568\/revisions"}],"wp:featuredmedia":[{"embeddable":true,"href":"https:\/\/ignacioprocacitto.com.ar\/sitio\/wp-json\/wp\/v2\/media\/1554"}],"wp:attachment":[{"href":"https:\/\/ignacioprocacitto.com.ar\/sitio\/wp-json\/wp\/v2\/media?parent=1568"}],"wp:term":[{"taxonomy":"category","embeddable":true,"href":"https:\/\/ignacioprocacitto.com.ar\/sitio\/wp-json\/wp\/v2\/categories?post=1568"},{"taxonomy":"post_tag","embeddable":true,"href":"https:\/\/ignacioprocacitto.com.ar\/sitio\/wp-json\/wp\/v2\/tags?post=1568"}],"curies":[{"name":"wp","href":"https:\/\/api.w.org\/{rel}","templated":true}]}}