{"id":1571,"date":"2016-10-09T23:40:10","date_gmt":"2016-10-09T23:40:10","guid":{"rendered":"http:\/\/www.ignacioprocacitto.com.ar\/sitio\/?p=1571"},"modified":"2016-10-09T23:40:10","modified_gmt":"2016-10-09T23:40:10","slug":"avanzo-buen-ritmo","status":"publish","type":"post","link":"https:\/\/ignacioprocacitto.com.ar\/sitio\/2016\/10\/09\/avanzo-buen-ritmo\/","title":{"rendered":"Avanz\u00f3 a buen ritmo"},"content":{"rendered":"<p>Alta Gracia tuvo a Ignacio Procacitto una vez m\u00e1s bien competitivo y concluy\u00f3 13\u00ba en la final de la Clase 2 de Turismo Nacional. <!--more-->El representante de Las Rosas\u00a0condujo su Chevrolet Corsa a la zona de puntos a pesar de padecer toques tanto en la serie como en la carrera del domingo.<\/p>\n<p>El viernes las cosas empezaron bien, porque se coloc\u00f3 s\u00e9ptimo en los entrenamientos y se not\u00f3 que el rendimiento del auto le pod\u00eda permitir pelear. En clasificaci\u00f3n estuvo un poco m\u00e1s relegado, quedando 12\u00ba pero partiendo cuarto en una de las bater\u00edas, las expectativas eran muy buenas.<\/p>\n<p>En la carrera del s\u00e1bado, hab\u00eda perdido dos posiciones en la partida pero las recuper\u00f3 luego de dos curvas y en ese momento recibi\u00f3 un toque de Yamil Apud, que lo dej\u00f3 retrasado en el noveno puesto final, sin existir sanci\u00f3n alguna para quien lo sac\u00f3 del asfalto.<\/p>\n<p>Con sensaciones un tanto agridulces, se busc\u00f3 con mucha fe un buen resultado y eso fue lo que ayud\u00f3 a concentrarse a \u2018Nachi\u2019 Procacitto para superar autos desde que se apagaron las luces del sem\u00e1foro. En el comienzo, un toque de Lucas Mohamed lo sac\u00f3 al pasto pero se recuper\u00f3 y empez\u00f3 a pasar rivales. Luego de largar 25\u00ba, arrib\u00f3 a la meta 13\u00ba y hubo conformidad por lo realizado, aunque sabiendo que se pudo haber conseguido un resultado a\u00fan mejor.<\/p>\n<p>\u201cEra para estar bastante m\u00e1s adelante, ten\u00edamos un gran ritmo en la final. Ven\u00edamos pasando autos como pod\u00edamos, a pesar de que no ten\u00edamos un gran motor. Me cost\u00f3 pasar a Mohamed, y luego desde all\u00ed fuimos arrimando y terminamos 13\u00ba, que es positivo para cerrar el fin de semana\u201d, asegur\u00f3 Procacitto.<\/p>\n<p>Y pensando en lo que viene, el rosense afirm\u00f3: \u201cLa idea es darle continuidad a esto como siempre, y como est\u00e1 andando el Corsa me dan ganas de ir a Posadas m\u00e1s all\u00e1 del tema presupuestario que est\u00e1 complicado. Para el 2017 ten\u00edamos una opci\u00f3n en vista pero se enfri\u00f3 el tema este fin de semana. A veces las cosas no se dan como uno quiere pero seguiremos en tratativas para la temporada que viene. Ahora queremos hacer estas dos fechas que faltan, y si no se puede, al menos probar para estar activos\u201d.<\/p>\n<p>Finalmente, expres\u00f3: \u201cAgradezco principalmente a toda mi familia porque hacen un esfuerzo enorme, al equipo de Juanchi Bertozzi porque me han dado un muy buen auto tanto en San Jorge como en Alta Gracia. No se pudo demostrar en las finales pero los parciales son buenos y la herramienta est\u00e1. Agradezco a los auspiciantes pero tambi\u00e9n a toda la gente de Las Rosas, a mi novia que se qued\u00f3 all\u00e1, pero a cada uno de mis coterr\u00e1neos que me apoyan, porque me impulsan a seguir en esto\u201d.<\/p>\n<p>La pr\u00f3xima fecha ser\u00e1 el fin de semana del 20 de noviembre en Posadas, Misiones.<\/p>\n","protected":false},"excerpt":{"rendered":"<p>Alta Gracia tuvo a Ignacio Procacitto una vez m\u00e1s bien competitivo y concluy\u00f3 13\u00ba en la final de la Clase 2 de Turismo Nacional.<\/p>\n","protected":false},"author":1,"featured_media":1573,"comment_status":"closed","ping_status":"closed","sticky":false,"template":"","format":"standard","meta":{"footnotes":""},"categories":[3],"tags":[],"class_list":["post-1571","post","type-post","status-publish","format-standard","has-post-thumbnail","hentry","category-novedades"],"_links":{"self":[{"href":"https:\/\/ignacioprocacitto.com.ar\/sitio\/wp-json\/wp\/v2\/posts\/1571","targetHints":{"allow":["GET"]}}],"collection":[{"href":"https:\/\/ignacioprocacitto.com.ar\/sitio\/wp-json\/wp\/v2\/posts"}],"about":[{"href":"https:\/\/ignacioprocacitto.com.ar\/sitio\/wp-json\/wp\/v2\/types\/post"}],"author":[{"embeddable":true,"href":"https:\/\/ignacioprocacitto.com.ar\/sitio\/wp-json\/wp\/v2\/users\/1"}],"replies":[{"embeddable":true,"href":"https:\/\/ignacioprocacitto.com.ar\/sitio\/wp-json\/wp\/v2\/comments?post=1571"}],"version-history":[{"count":0,"href":"https:\/\/ignacioprocacitto.com.ar\/sitio\/wp-json\/wp\/v2\/posts\/1571\/revisions"}],"wp:featuredmedia":[{"embeddable":true,"href":"https:\/\/ignacioprocacitto.com.ar\/sitio\/wp-json\/wp\/v2\/media\/1573"}],"wp:attachment":[{"href":"https:\/\/ignacioprocacitto.com.ar\/sitio\/wp-json\/wp\/v2\/media?parent=1571"}],"wp:term":[{"taxonomy":"category","embeddable":true,"href":"https:\/\/ignacioprocacitto.com.ar\/sitio\/wp-json\/wp\/v2\/categories?post=1571"},{"taxonomy":"post_tag","embeddable":true,"href":"https:\/\/ignacioprocacitto.com.ar\/sitio\/wp-json\/wp\/v2\/tags?post=1571"}],"curies":[{"name":"wp","href":"https:\/\/api.w.org\/{rel}","templated":true}]}}