{"id":1590,"date":"2016-11-14T20:54:53","date_gmt":"2016-11-14T20:54:53","guid":{"rendered":"http:\/\/www.ignacioprocacitto.com.ar\/sitio\/?p=1590"},"modified":"2016-11-14T20:54:53","modified_gmt":"2016-11-14T20:54:53","slug":"ignacio-procacitto-presente-posadas","status":"publish","type":"post","link":"https:\/\/ignacioprocacitto.com.ar\/sitio\/2016\/11\/14\/ignacio-procacitto-presente-posadas\/","title":{"rendered":"Ignacio Procacitto presente en Posadas"},"content":{"rendered":"<p>La ciudad de Las Rosas tendr\u00e1 su representante en la und\u00e9cima fecha del Turismo Nacional, porque Ignacio Procacitto confirm\u00f3 su participaci\u00f3n este fin de semana en Posadas.<!--more--> Continuando en el equipo JCB Motor Sport, volver\u00e1 a buscar grandes resultados con el Chevrolet Corsa n\u00famero 81 de la Clase 2.<\/p>\n<p>Complicado desde la faz presupuestaria, se consigui\u00f3 estar en la provincia de Misiones, para demostrar otra vez que tanto \u00e9l como su auto pueden pelear puestos importantes. En San Jorge y Alta Gracia hubo mucha mala fortuna y eso le impidi\u00f3 a Procacitto ser protagonista a tiempo completo, pero ahora quiere revancha.<\/p>\n<p>En Alta Gracia, \u2018Nachi\u2019 consigui\u00f3 ser 13\u00ba remontando en gran forma, pero ahora la idea es estar todo el fin de semana contundente y no ceder posibilidades ya sea por factores propios o externos como sucedi\u00f3 en San Jorge y en el Cabal\u00e9n, vi\u00e9ndose perjudicado por despistes e interrupciones a la hora de clasificar.<\/p>\n<p>\u201cTenemos todo listo para Posadas, porque el auto estaba andando muy bien y no hab\u00eda que hacer grandes modificaciones. Esperamos cumplir un buen papel como parcialmente hicimos en San Jorge y Alta Gracia. Sabemos que el nivel est\u00e1 logrado\u201d, asegur\u00f3 Procacitto.<\/p>\n<p>Y haciendo un an\u00e1lisis de la situaci\u00f3n, complet\u00f3: \u201cDebemos tener un buen motor para las tres rectas y desniveles que tiene la pista de Posadas. Nosotros confiamos en lo que tenemos y ojal\u00e1 nos deposite entre los de adelante. Lo \u00fanico negativo ser\u00e1 el calor que se estima, aunque en ese aspecto vamos a andar bien, m\u00e1s all\u00e1 de que las condiciones clim\u00e1ticas son para todos igual\u201d.<\/p>\n<p>La actividad arrancar\u00e1 el viernes como es habitual, con los entrenamientos (11.30 a 12.40 y 13.30 a 14.40) y luego la primera clasificaci\u00f3n (16.10 a 17). El s\u00e1bado se completar\u00e1 la clasificaci\u00f3n con la segunda tanda (11.20 a 12.10) y por la tarde se correr\u00e1n las series (14, 14.30 y 15, a seis vueltas cada una). La final ser\u00e1 el domingo a las 12, a 16 giros o un m\u00e1ximo de 35 minutos de extensi\u00f3n en el trazado de 4.370 metros de extensi\u00f3n.<\/p>\n","protected":false},"excerpt":{"rendered":"<p>La ciudad de Las Rosas tendr\u00e1 su representante en la und\u00e9cima fecha del Turismo Nacional, porque Ignacio Procacitto confirm\u00f3 su participaci\u00f3n este fin de semana en Posadas.<\/p>\n","protected":false},"author":1,"featured_media":1586,"comment_status":"closed","ping_status":"closed","sticky":false,"template":"","format":"standard","meta":{"footnotes":""},"categories":[3],"tags":[],"class_list":["post-1590","post","type-post","status-publish","format-standard","has-post-thumbnail","hentry","category-novedades"],"_links":{"self":[{"href":"https:\/\/ignacioprocacitto.com.ar\/sitio\/wp-json\/wp\/v2\/posts\/1590","targetHints":{"allow":["GET"]}}],"collection":[{"href":"https:\/\/ignacioprocacitto.com.ar\/sitio\/wp-json\/wp\/v2\/posts"}],"about":[{"href":"https:\/\/ignacioprocacitto.com.ar\/sitio\/wp-json\/wp\/v2\/types\/post"}],"author":[{"embeddable":true,"href":"https:\/\/ignacioprocacitto.com.ar\/sitio\/wp-json\/wp\/v2\/users\/1"}],"replies":[{"embeddable":true,"href":"https:\/\/ignacioprocacitto.com.ar\/sitio\/wp-json\/wp\/v2\/comments?post=1590"}],"version-history":[{"count":0,"href":"https:\/\/ignacioprocacitto.com.ar\/sitio\/wp-json\/wp\/v2\/posts\/1590\/revisions"}],"wp:featuredmedia":[{"embeddable":true,"href":"https:\/\/ignacioprocacitto.com.ar\/sitio\/wp-json\/wp\/v2\/media\/1586"}],"wp:attachment":[{"href":"https:\/\/ignacioprocacitto.com.ar\/sitio\/wp-json\/wp\/v2\/media?parent=1590"}],"wp:term":[{"taxonomy":"category","embeddable":true,"href":"https:\/\/ignacioprocacitto.com.ar\/sitio\/wp-json\/wp\/v2\/categories?post=1590"},{"taxonomy":"post_tag","embeddable":true,"href":"https:\/\/ignacioprocacitto.com.ar\/sitio\/wp-json\/wp\/v2\/tags?post=1590"}],"curies":[{"name":"wp","href":"https:\/\/api.w.org\/{rel}","templated":true}]}}