{"id":1593,"date":"2016-11-19T22:31:47","date_gmt":"2016-11-19T22:31:47","guid":{"rendered":"http:\/\/www.ignacioprocacitto.com.ar\/sitio\/?p=1593"},"modified":"2016-11-19T22:31:47","modified_gmt":"2016-11-19T22:31:47","slug":"lo-hicieron-chocar-la-serie","status":"publish","type":"post","link":"https:\/\/ignacioprocacitto.com.ar\/sitio\/2016\/11\/19\/lo-hicieron-chocar-la-serie\/","title":{"rendered":"Lo hicieron chocar en la serie"},"content":{"rendered":"<p>Ignacio Procacitto no est\u00e1 teniendo el mejor fin de semana en Posadas, debido a que lo sacaron de pista y choc\u00f3 fuertemente en la segunda serie de la Clase 2 del Turismo Nacional. <!--more-->Cuando el volante de Las Rosas ven\u00eda ganando terreno y aspiraba a un sexto lugar a puro manejo, Joel Gassmann lo sac\u00f3 de pista y se accident\u00f3 contra los neum\u00e1ticos de contenci\u00f3n. No hubo consecuencias f\u00edsicas de consideraci\u00f3n.<\/p>\n<p>Sin poder tener un viernes productivo, \u2018Nachi\u2019 Procacitto apenas pudo quedar 26\u00ba en clasificaci\u00f3n, con un auto que no estaba competitivo. El motor nunca logr\u00f3 entregarle la potencia suficiente al rosense para encontrar el rendimiento \u00f3ptimo. A pesar de que se trabaj\u00f3 intensamente para el s\u00e1bado, no se pudo m\u00e1s que eso.<\/p>\n<p>Largando en la parte trasera del pelot\u00f3n en el segundo parcial de la tarde, Procacitto empez\u00f3 a tener un buen rendimiento en el chasis que le permit\u00eda pelear a los que se enredaban. En las rectas, perd\u00eda terreno pero pudo llegar a ser sexto, cuando poco despu\u00e9s vino el toque de Gassmann, y el choque que termin\u00f3 prematuramente la carrera.<\/p>\n<p>\u201cViene siendo un fin de semana duro para nosotros, y lo que pas\u00f3 en la serie fue un golpe duro. Est\u00e1bamos dando batalla a pesar de que no and\u00e1bamos r\u00e1pido en las rectas, hasta que recib\u00ed un golpe de Joel Gassmann que me hizo despistar, y golpe\u00e9 contra una barrera de neum\u00e1ticos. El auto sufri\u00f3 importantes da\u00f1os pero el JCB ya est\u00e1 reparando todo para largar ma\u00f1ana. Lo incre\u00edble es que no hubo sanci\u00f3n en la maniobra\u201d, lament\u00f3 Procacitto, quien de poder hacerlo, partir\u00e1 en las \u00faltimas filas.<\/p>\n<p>El equipo JCB Motor Sport trabaja intensamente para que el Chevrolet Corsa n\u00famero 81 est\u00e9 en las mejores condiciones posibles para largar la final, y adem\u00e1s se colocar\u00e1 otro motor. Lo importante es que m\u00e1s all\u00e1 de un dolor en uno de sus pies, el rosense est\u00e1 bien, y podr\u00e1 buscar revancha en la carrera final.<\/p>\n","protected":false},"excerpt":{"rendered":"<p>Ignacio Procacitto no est\u00e1 teniendo el mejor fin de semana en Posadas, debido a que lo sacaron de pista y choc\u00f3 fuertemente en la segunda serie de la Clase 2 del Turismo Nacional.<\/p>\n","protected":false},"author":1,"featured_media":1595,"comment_status":"closed","ping_status":"closed","sticky":false,"template":"","format":"standard","meta":{"footnotes":""},"categories":[3],"tags":[],"class_list":["post-1593","post","type-post","status-publish","format-standard","has-post-thumbnail","hentry","category-novedades"],"_links":{"self":[{"href":"https:\/\/ignacioprocacitto.com.ar\/sitio\/wp-json\/wp\/v2\/posts\/1593","targetHints":{"allow":["GET"]}}],"collection":[{"href":"https:\/\/ignacioprocacitto.com.ar\/sitio\/wp-json\/wp\/v2\/posts"}],"about":[{"href":"https:\/\/ignacioprocacitto.com.ar\/sitio\/wp-json\/wp\/v2\/types\/post"}],"author":[{"embeddable":true,"href":"https:\/\/ignacioprocacitto.com.ar\/sitio\/wp-json\/wp\/v2\/users\/1"}],"replies":[{"embeddable":true,"href":"https:\/\/ignacioprocacitto.com.ar\/sitio\/wp-json\/wp\/v2\/comments?post=1593"}],"version-history":[{"count":0,"href":"https:\/\/ignacioprocacitto.com.ar\/sitio\/wp-json\/wp\/v2\/posts\/1593\/revisions"}],"wp:featuredmedia":[{"embeddable":true,"href":"https:\/\/ignacioprocacitto.com.ar\/sitio\/wp-json\/wp\/v2\/media\/1595"}],"wp:attachment":[{"href":"https:\/\/ignacioprocacitto.com.ar\/sitio\/wp-json\/wp\/v2\/media?parent=1593"}],"wp:term":[{"taxonomy":"category","embeddable":true,"href":"https:\/\/ignacioprocacitto.com.ar\/sitio\/wp-json\/wp\/v2\/categories?post=1593"},{"taxonomy":"post_tag","embeddable":true,"href":"https:\/\/ignacioprocacitto.com.ar\/sitio\/wp-json\/wp\/v2\/tags?post=1593"}],"curies":[{"name":"wp","href":"https:\/\/api.w.org\/{rel}","templated":true}]}}