{"id":1607,"date":"2016-12-06T15:58:06","date_gmt":"2016-12-06T15:58:06","guid":{"rendered":"http:\/\/www.ignacioprocacitto.com.ar\/sitio\/?p=1607"},"modified":"2016-12-06T15:58:06","modified_gmt":"2016-12-06T15:58:06","slug":"ignacio-procacitto-se-presenta-viedma","status":"publish","type":"post","link":"https:\/\/ignacioprocacitto.com.ar\/sitio\/2016\/12\/06\/ignacio-procacitto-se-presenta-viedma\/","title":{"rendered":"Ignacio Procacitto se presenta en Viedma"},"content":{"rendered":"<p>Las Rosas tendr\u00e1 a su representante Ignacio Procacitto este fin de semana en Viedma, en lo que ser\u00e1 la duod\u00e9cima y \u00faltima fecha del Turismo Nacional. Con el Chevrolet Corsa n\u00famero 81 de Clase 2, intentar\u00e1 buscar un gran resultado.<!--more--><\/p>\n<p>Completando una notable remontada en Posadas, el rosense \u2018Nachi\u2019 Procacitto logr\u00f3 confirmar su participaci\u00f3n en Viedma y estar\u00e1 realizando una prueba antes de la carrera. Las reparaciones finas en el Corsa luego de un accidente en la serie en Misiones, ser\u00e1n chequeadas en pista antes del viaje a la provincia de R\u00edo Negro.<\/p>\n<p>\u201cSi bien seguimos complicados con el presupuesto, decidimos ir a Viedma para correr la \u00faltima del a\u00f1o. Tambi\u00e9n vamos a probar el auto para ver c\u00f3mo est\u00e1n las reparaciones luego del choque de la serie en Posadas. Necesitamos saber c\u00f3mo qued\u00f3 el Corsa, aunque creemos que est\u00e1 muy bien porque en la final hab\u00edamos logrado un gran ritmo\u201d, asegur\u00f3 Procacitto, quien ha demostrado su talento en diferentes salidas a pista, pero muchas veces ha quedado gusto a poco porque el potencial es muy bueno y los resultados no acompa\u00f1aron demasiado.<\/p>\n<p>Por otro lado, asegur\u00f3 c\u00f3mo espera la carrera en R\u00edo Negro: \u201cA Viedma vamos focalizados en realizar un buen papel para terminar bien el a\u00f1o y a partir de ah\u00ed poder trabajar de cara al 2017. Estamos andando bien y queremos redondear un fin de semana en el TN, algo que no logramos a\u00fan, a pesar de estar de manera parcial entre los de adelante. Queremos y necesitamos terminar una buena actuaci\u00f3n\u201d.<\/p>\n<p>La Clase 2 arrancar\u00e1 el viernes con los entrenamientos (11.30 a 12.40 y 13.30 a 14.40) y luego la primera clasificaci\u00f3n (16.10 a 17). El s\u00e1bado se completar\u00e1 la clasificaci\u00f3n con la segunda tanda (11.20 a 12.10) y por la tarde se correr\u00e1n las series (14, 14.30 y 15, a seis vueltas cada una). La final ser\u00e1 el domingo a las 12, a 16 giros o un m\u00e1ximo de 35 minutos en el circuito de 4.150 metros de extensi\u00f3n.<\/p>\n","protected":false},"excerpt":{"rendered":"<p>Las Rosas tendr\u00e1 a su representante Ignacio Procacitto este fin de semana en Viedma, en lo que ser\u00e1 la duod\u00e9cima y \u00faltima fecha del Turismo Nacional. Con el Chevrolet Corsa n\u00famero 81 de Clase 2, intentar\u00e1 buscar un gran resultado.<\/p>\n","protected":false},"author":1,"featured_media":1548,"comment_status":"closed","ping_status":"closed","sticky":false,"template":"","format":"standard","meta":{"footnotes":""},"categories":[3],"tags":[],"class_list":["post-1607","post","type-post","status-publish","format-standard","has-post-thumbnail","hentry","category-novedades"],"_links":{"self":[{"href":"https:\/\/ignacioprocacitto.com.ar\/sitio\/wp-json\/wp\/v2\/posts\/1607","targetHints":{"allow":["GET"]}}],"collection":[{"href":"https:\/\/ignacioprocacitto.com.ar\/sitio\/wp-json\/wp\/v2\/posts"}],"about":[{"href":"https:\/\/ignacioprocacitto.com.ar\/sitio\/wp-json\/wp\/v2\/types\/post"}],"author":[{"embeddable":true,"href":"https:\/\/ignacioprocacitto.com.ar\/sitio\/wp-json\/wp\/v2\/users\/1"}],"replies":[{"embeddable":true,"href":"https:\/\/ignacioprocacitto.com.ar\/sitio\/wp-json\/wp\/v2\/comments?post=1607"}],"version-history":[{"count":0,"href":"https:\/\/ignacioprocacitto.com.ar\/sitio\/wp-json\/wp\/v2\/posts\/1607\/revisions"}],"wp:featuredmedia":[{"embeddable":true,"href":"https:\/\/ignacioprocacitto.com.ar\/sitio\/wp-json\/wp\/v2\/media\/1548"}],"wp:attachment":[{"href":"https:\/\/ignacioprocacitto.com.ar\/sitio\/wp-json\/wp\/v2\/media?parent=1607"}],"wp:term":[{"taxonomy":"category","embeddable":true,"href":"https:\/\/ignacioprocacitto.com.ar\/sitio\/wp-json\/wp\/v2\/categories?post=1607"},{"taxonomy":"post_tag","embeddable":true,"href":"https:\/\/ignacioprocacitto.com.ar\/sitio\/wp-json\/wp\/v2\/tags?post=1607"}],"curies":[{"name":"wp","href":"https:\/\/api.w.org\/{rel}","templated":true}]}}