{"id":1626,"date":"2016-12-24T14:03:58","date_gmt":"2016-12-24T14:03:58","guid":{"rendered":"http:\/\/www.ignacioprocacitto.com.ar\/sitio\/?p=1626"},"modified":"2016-12-24T14:03:58","modified_gmt":"2016-12-24T14:03:58","slug":"ignacio-procacitto-auto-propio","status":"publish","type":"post","link":"https:\/\/ignacioprocacitto.com.ar\/sitio\/2016\/12\/24\/ignacio-procacitto-auto-propio\/","title":{"rendered":"Ignacio Procacitto con auto propio"},"content":{"rendered":"<p>Ignacio Procacitto ya tiene veh\u00edculo para afrontar la temporada 2017 de Turismo Nacional Clase 2. <!--more-->Se trata de un Volkswagen Gol Trend, que ya estuvo probando y ser\u00e1 con el cual forme nuevamente el equipo propio, con el cual fue campe\u00f3n de F\u00f3rmula Renault Plus en 2014.<\/p>\n<p>El representante de Las Rosas viaj\u00f3 a San Luis, donde se subi\u00f3 al auto que hasta las \u00faltimas horas pertenec\u00eda a Rodrigo Verdeguer. Junto al ingeniero Fernando Bulla, se llev\u00f3 a cabo una interesante prueba en la cual se lograron las referencias indicadas para definir la compra del Gol.<\/p>\n<p>Luego de estar en diferentes tratativas, \u2018Nachi\u2019 ya sabe qu\u00e9 auto correr\u00e1 en TN en 2017, y se formar\u00e1 nuevamente el Procacitto Racing, al igual que en la FR Plus. El ingeniero a cargo del chasis ser\u00e1 Fernando Bulla, con el cual querr\u00e1n revivir las mejores \u00e9pocas de los monoplazas.<\/p>\n<p>Tras la prueba, Procacitto manifest\u00f3: \u201cAnduvo todo bien, aunque sabemos que tenemos que trabajar en el auto junto Fernando Bulla. Not\u00e9 que el auto tiene potencial pero vamos a ver c\u00f3mo avanza. Estaremos definiendo el equipo, pero ser\u00e1 la misma esencia que formamos cuando hicimos la estructura propia en la F\u00f3rmula\u201d.<\/p>\n<p>Y ampli\u00f3: \u201cLa idea es volver a tener a nuestra gente a cargo de un auto de carreras, sabemos que nos dio buenos resultados en su momento, as\u00ed que vamos a tratar de hacer lo mismo en este sentido. Somos conscientes de que va a ser un camino dif\u00edcil y que vamos a tener que trabajar mucho, pero creemos que podemos andar muy bien\u201d.<\/p>\n<p>Pasadas las fiestas se trabajar\u00e1 a pleno en el Gol para empezar a probar de cara a la temporada 2017 de TN.<\/p>\n","protected":false},"excerpt":{"rendered":"<p>Ignacio Procacitto ya tiene veh\u00edculo para afrontar la temporada 2017 de Turismo Nacional Clase 2.<\/p>\n","protected":false},"author":1,"featured_media":1628,"comment_status":"closed","ping_status":"closed","sticky":false,"template":"","format":"standard","meta":{"footnotes":""},"categories":[3],"tags":[],"class_list":["post-1626","post","type-post","status-publish","format-standard","has-post-thumbnail","hentry","category-novedades"],"_links":{"self":[{"href":"https:\/\/ignacioprocacitto.com.ar\/sitio\/wp-json\/wp\/v2\/posts\/1626","targetHints":{"allow":["GET"]}}],"collection":[{"href":"https:\/\/ignacioprocacitto.com.ar\/sitio\/wp-json\/wp\/v2\/posts"}],"about":[{"href":"https:\/\/ignacioprocacitto.com.ar\/sitio\/wp-json\/wp\/v2\/types\/post"}],"author":[{"embeddable":true,"href":"https:\/\/ignacioprocacitto.com.ar\/sitio\/wp-json\/wp\/v2\/users\/1"}],"replies":[{"embeddable":true,"href":"https:\/\/ignacioprocacitto.com.ar\/sitio\/wp-json\/wp\/v2\/comments?post=1626"}],"version-history":[{"count":0,"href":"https:\/\/ignacioprocacitto.com.ar\/sitio\/wp-json\/wp\/v2\/posts\/1626\/revisions"}],"wp:featuredmedia":[{"embeddable":true,"href":"https:\/\/ignacioprocacitto.com.ar\/sitio\/wp-json\/wp\/v2\/media\/1628"}],"wp:attachment":[{"href":"https:\/\/ignacioprocacitto.com.ar\/sitio\/wp-json\/wp\/v2\/media?parent=1626"}],"wp:term":[{"taxonomy":"category","embeddable":true,"href":"https:\/\/ignacioprocacitto.com.ar\/sitio\/wp-json\/wp\/v2\/categories?post=1626"},{"taxonomy":"post_tag","embeddable":true,"href":"https:\/\/ignacioprocacitto.com.ar\/sitio\/wp-json\/wp\/v2\/tags?post=1626"}],"curies":[{"name":"wp","href":"https:\/\/api.w.org\/{rel}","templated":true}]}}