{"id":1633,"date":"2017-08-15T22:11:42","date_gmt":"2017-08-15T22:11:42","guid":{"rendered":"http:\/\/www.ignacioprocacitto.com.ar\/sitio\/?p=1633"},"modified":"2017-08-15T22:11:42","modified_gmt":"2017-08-15T22:11:42","slug":"debut-procacitto-racing","status":"publish","type":"post","link":"https:\/\/ignacioprocacitto.com.ar\/sitio\/2017\/08\/15\/debut-procacitto-racing\/","title":{"rendered":"Debut para el Procacitto Racing"},"content":{"rendered":"<p>Ignacio Procacitto estar\u00e1 nuevamente en Turismo Nacional Clase 2 desde este fin de semana en Toay, La Pampa. Pero ser\u00e1 un regreso distinto, porque conform\u00f3 equipo propio, el Procacitto Racing, con un Volkswagen Gol Trend que ya fue probado en pista y que este jueves har\u00e1 su ensayo en el trazado pampeano.<!--more--><\/p>\n<p>El piloto de Las Rosas estuvo m\u00e1s de medio calendario en preparativos bien detallistas con su equipo familiar. Con la motorizaci\u00f3n de los hermanos Riva y la asistencia t\u00e9cnica de Fernando Bulla en el chasis, \u2018Nachi\u2019 Procacitto volver\u00e1 a la pista con la misma estructura con la cual fue campe\u00f3n en F\u00f3rmula Renault Plus en 2014. Carlos Procacitto, Luis Hern\u00e1ndez, Ezequiel Sona, Marcelo Aquino, Gerardo Cerutti y Ariel Scarpecio completan la formaci\u00f3n.<\/p>\n<p>Continuando sus estudios en la Facultad de Ciencias Agrarias de la Universidad Nacional de Rosario, este a\u00f1o le dedic\u00f3 tiempo al estudio pero siempre mirando de reojo los avances en el Gol Trend. Nadie dijo que ser\u00eda f\u00e1cil, pero el empe\u00f1o familiar comenzar\u00e1 a dar sus frutos este fin de semana en Toay, con la primera puesta en pista oficial del veh\u00edculo.<\/p>\n<p>El rosense, previo al viaje manifest\u00f3: \u201cDurante estos meses estuve tranquilo, sacando varias materias en la facultad y esperando paralelamente el regreso a las pistas. Los chicos trabajaron mucho en el taller e hicieron todo lo posible para estar de la mejor manera en Toay. Esperemos que se refleje en la pista, con el objetivo de encontrar confiabilidad para acortar camino con el nivel de punta\u201d.<\/p>\n<p>Y complet\u00f3: \u201cEl poner en pista el equipo propio a nivel nacional es importante para nosotros y esperemos poder cumplir las metas que nos propusimos anteriormente en la F\u00f3rmula. Esperemos que no sea tan grande el salto. Lo bueno de este equipo es que est\u00e1 conformado de la misma manera, aunque hay muchas cosas por aprender. Nos creemos capacitados para afrontar las exigencias\u201d.<\/p>\n<p>El viernes comenzar\u00e1n las actividades para la Clase 2 con dos entrenamientos (11.30 a 12.40 y 13.30 a 14.40) y la primera clasificaci\u00f3n (16.10 a 17). El s\u00e1bado ser\u00e1 la segunda y definitoria clasificaci\u00f3n (10.50 a 11.40), para dar lugar a las series (13.30, 14 y 14.30 a 6 vueltas). El domingo ser\u00e1 la final a las 12.30, a 20 giros o un m\u00e1ximo de 35 minutos en el trazado de 4.148 metros.<\/p>\n<p><a href=\"https:\/\/www.ignacioprocacitto.com.ar\/sitio\/wp-content\/uploads\/2017\/08\/Ignacio-Procacitto-2017-TN-C2-2.jpg\"><img fetchpriority=\"high\" decoding=\"async\" class=\"alignnone size-medium wp-image-1636\" src=\"https:\/\/www.ignacioprocacitto.com.ar\/sitio\/wp-content\/uploads\/2017\/08\/Ignacio-Procacitto-2017-TN-C2-2-300x169.jpg\" alt=\"Ignacio Procacitto 2017 TN C2 (2)\" width=\"300\" height=\"169\" srcset=\"https:\/\/ignacioprocacitto.com.ar\/sitio\/wp-content\/uploads\/2017\/08\/Ignacio-Procacitto-2017-TN-C2-2-300x169.jpg 300w, https:\/\/ignacioprocacitto.com.ar\/sitio\/wp-content\/uploads\/2017\/08\/Ignacio-Procacitto-2017-TN-C2-2-768x432.jpg 768w, https:\/\/ignacioprocacitto.com.ar\/sitio\/wp-content\/uploads\/2017\/08\/Ignacio-Procacitto-2017-TN-C2-2-1024x576.jpg 1024w, https:\/\/ignacioprocacitto.com.ar\/sitio\/wp-content\/uploads\/2017\/08\/Ignacio-Procacitto-2017-TN-C2-2.jpg 1040w\" sizes=\"(max-width: 300px) 100vw, 300px\" \/><\/a> <a href=\"https:\/\/www.ignacioprocacitto.com.ar\/sitio\/wp-content\/uploads\/2017\/08\/Ignacio-Procacitto-2017-TN-C2-6.jpg\"><img decoding=\"async\" class=\"alignnone size-medium wp-image-1640\" src=\"https:\/\/www.ignacioprocacitto.com.ar\/sitio\/wp-content\/uploads\/2017\/08\/Ignacio-Procacitto-2017-TN-C2-6-169x300.jpg\" alt=\"Ignacio Procacitto 2017 TN C2 (6)\" width=\"169\" height=\"300\" srcset=\"https:\/\/ignacioprocacitto.com.ar\/sitio\/wp-content\/uploads\/2017\/08\/Ignacio-Procacitto-2017-TN-C2-6-169x300.jpg 169w, https:\/\/ignacioprocacitto.com.ar\/sitio\/wp-content\/uploads\/2017\/08\/Ignacio-Procacitto-2017-TN-C2-6-576x1024.jpg 576w, https:\/\/ignacioprocacitto.com.ar\/sitio\/wp-content\/uploads\/2017\/08\/Ignacio-Procacitto-2017-TN-C2-6.jpg 585w\" sizes=\"(max-width: 169px) 100vw, 169px\" \/><\/a><\/p>\n<p><strong>Ver m\u00e1s fotos:<\/strong> <a href=\"https:\/\/www.ignacioprocacitto.com.ar\/sitio\/ano-2017\/\">aqu\u00ed<\/a><\/p>\n","protected":false},"excerpt":{"rendered":"<p>Ignacio Procacitto estar\u00e1 nuevamente en Turismo Nacional Clase 2 desde este fin de semana en Toay, La Pampa. Pero ser\u00e1 un regreso distinto, porque conform\u00f3 equipo propio, el Procacitto Racing, con un Volkswagen Gol Trend que ya fue probado en pista y que este jueves har\u00e1 su ensayo en el trazado pampeano.<\/p>\n","protected":false},"author":1,"featured_media":1635,"comment_status":"closed","ping_status":"closed","sticky":false,"template":"","format":"standard","meta":{"footnotes":""},"categories":[3],"tags":[],"class_list":["post-1633","post","type-post","status-publish","format-standard","has-post-thumbnail","hentry","category-novedades"],"_links":{"self":[{"href":"https:\/\/ignacioprocacitto.com.ar\/sitio\/wp-json\/wp\/v2\/posts\/1633","targetHints":{"allow":["GET"]}}],"collection":[{"href":"https:\/\/ignacioprocacitto.com.ar\/sitio\/wp-json\/wp\/v2\/posts"}],"about":[{"href":"https:\/\/ignacioprocacitto.com.ar\/sitio\/wp-json\/wp\/v2\/types\/post"}],"author":[{"embeddable":true,"href":"https:\/\/ignacioprocacitto.com.ar\/sitio\/wp-json\/wp\/v2\/users\/1"}],"replies":[{"embeddable":true,"href":"https:\/\/ignacioprocacitto.com.ar\/sitio\/wp-json\/wp\/v2\/comments?post=1633"}],"version-history":[{"count":0,"href":"https:\/\/ignacioprocacitto.com.ar\/sitio\/wp-json\/wp\/v2\/posts\/1633\/revisions"}],"wp:featuredmedia":[{"embeddable":true,"href":"https:\/\/ignacioprocacitto.com.ar\/sitio\/wp-json\/wp\/v2\/media\/1635"}],"wp:attachment":[{"href":"https:\/\/ignacioprocacitto.com.ar\/sitio\/wp-json\/wp\/v2\/media?parent=1633"}],"wp:term":[{"taxonomy":"category","embeddable":true,"href":"https:\/\/ignacioprocacitto.com.ar\/sitio\/wp-json\/wp\/v2\/categories?post=1633"},{"taxonomy":"post_tag","embeddable":true,"href":"https:\/\/ignacioprocacitto.com.ar\/sitio\/wp-json\/wp\/v2\/tags?post=1633"}],"curies":[{"name":"wp","href":"https:\/\/api.w.org\/{rel}","templated":true}]}}