{"id":1652,"date":"2017-08-21T00:07:06","date_gmt":"2017-08-21T00:07:06","guid":{"rendered":"http:\/\/www.ignacioprocacitto.com.ar\/sitio\/?p=1652"},"modified":"2017-08-21T00:07:06","modified_gmt":"2017-08-21T00:07:06","slug":"primera-experiencia-positiva","status":"publish","type":"post","link":"https:\/\/ignacioprocacitto.com.ar\/sitio\/2017\/08\/21\/primera-experiencia-positiva\/","title":{"rendered":"Primera experiencia positiva"},"content":{"rendered":"<p>Ignacio Procacitto debut\u00f3 con el equipo propio en Turismo Nacional, con un Volkswagen Gol Trend en Toay, La Pampa, por la octava fecha.<!--more--> El volante de Las Rosas se destac\u00f3 parcialmente pero distintos detalles a pulir lo complicaron, y en la final no pudo terminar a pesar de estar en zona de puntos.<\/p>\n<p>Luego de un jueves con muy buenos registros, \u2018Nachi\u2019 Procacitto qued\u00f3 quinto en el primer entrenamiento oficial. Apenas conociendo el auto, en el segundo entrenamiento no pudo andar mejor y en la primera clasificaci\u00f3n, qued\u00f3 26\u00ba.<\/p>\n<p>Se busc\u00f3 revancha el s\u00e1bado a la ma\u00f1ana, pero a pesar de ser 19\u00ba en su tanda qued\u00f3 igual en la general: 26\u00ba. Mejorando detalles para tener un mejor veh\u00edculo, en la serie se presentaron algunos inconvenientes, y no pudo avanzar, llegando d\u00e9cimo. Lo mejor es que el auto jam\u00e1s se par\u00f3 y todo lo perjudicial era por la obvia falta de experiencia.<\/p>\n<p>La carrera final fue de menor a mayor, porque en los primeros giros pudo superar a muchos rivales. Estando entre los pilotos que suman puntos, la participaci\u00f3n tuvo una abrupta interrupci\u00f3n por p\u00e9rdida de aceite, y desemboc\u00f3 en un abandono para preservar la m\u00e1quina.<\/p>\n<p>\u201cVen\u00edamos con un venteo de aceite como en la serie y sab\u00edamos que as\u00ed no se pod\u00eda correr, y cuando ingres\u00f3 el auto de seguridad me met\u00ed a boxes. Antes de romper el motor decidimos parar\u201d, asegur\u00f3 \u2018Nachi\u2019 Procacitto al finalizar la jornada dominical.<\/p>\n<p>Haciendo un an\u00e1lisis m\u00e1s global, el rosense coment\u00f3: \u201cA grandes rasgos, el fin de semana fue bueno por c\u00f3mo ven\u00edamos en los entrenamientos. Despu\u00e9s diferentes situaciones nos retrasaron, primero las gomas, luego la faz el\u00e9ctrica, y posteriormente el aceite. Fueron todas complicaciones leves y estamos descubriendo cosas que no sab\u00edamos. Por eso tenemos balance positivo\u201d.<\/p>\n<p>La pr\u00f3xima fecha ser\u00e1 en Viedma, el fin de semana del 17 de septiembre.<\/p>\n","protected":false},"excerpt":{"rendered":"<p>Ignacio Procacitto debut\u00f3 con el equipo propio en Turismo Nacional, con un Volkswagen Gol Trend en Toay, La Pampa, por la octava fecha.<\/p>\n","protected":false},"author":1,"featured_media":1654,"comment_status":"closed","ping_status":"closed","sticky":false,"template":"","format":"standard","meta":{"footnotes":""},"categories":[3],"tags":[],"class_list":["post-1652","post","type-post","status-publish","format-standard","has-post-thumbnail","hentry","category-novedades"],"_links":{"self":[{"href":"https:\/\/ignacioprocacitto.com.ar\/sitio\/wp-json\/wp\/v2\/posts\/1652","targetHints":{"allow":["GET"]}}],"collection":[{"href":"https:\/\/ignacioprocacitto.com.ar\/sitio\/wp-json\/wp\/v2\/posts"}],"about":[{"href":"https:\/\/ignacioprocacitto.com.ar\/sitio\/wp-json\/wp\/v2\/types\/post"}],"author":[{"embeddable":true,"href":"https:\/\/ignacioprocacitto.com.ar\/sitio\/wp-json\/wp\/v2\/users\/1"}],"replies":[{"embeddable":true,"href":"https:\/\/ignacioprocacitto.com.ar\/sitio\/wp-json\/wp\/v2\/comments?post=1652"}],"version-history":[{"count":0,"href":"https:\/\/ignacioprocacitto.com.ar\/sitio\/wp-json\/wp\/v2\/posts\/1652\/revisions"}],"wp:featuredmedia":[{"embeddable":true,"href":"https:\/\/ignacioprocacitto.com.ar\/sitio\/wp-json\/wp\/v2\/media\/1654"}],"wp:attachment":[{"href":"https:\/\/ignacioprocacitto.com.ar\/sitio\/wp-json\/wp\/v2\/media?parent=1652"}],"wp:term":[{"taxonomy":"category","embeddable":true,"href":"https:\/\/ignacioprocacitto.com.ar\/sitio\/wp-json\/wp\/v2\/categories?post=1652"},{"taxonomy":"post_tag","embeddable":true,"href":"https:\/\/ignacioprocacitto.com.ar\/sitio\/wp-json\/wp\/v2\/tags?post=1652"}],"curies":[{"name":"wp","href":"https:\/\/api.w.org\/{rel}","templated":true}]}}