{"id":1705,"date":"2017-09-11T19:55:46","date_gmt":"2017-09-11T19:55:46","guid":{"rendered":"http:\/\/www.ignacioprocacitto.com.ar\/sitio\/?p=1705"},"modified":"2017-09-11T19:55:46","modified_gmt":"2017-09-11T19:55:46","slug":"va-la-segunda","status":"publish","type":"post","link":"https:\/\/ignacioprocacitto.com.ar\/sitio\/2017\/09\/11\/va-la-segunda\/","title":{"rendered":"Va por la segunda"},"content":{"rendered":"<p>Pas\u00f3 el debut del Procacitto Racing en la Clase 2 de Turismo Nacional, y ahora es turno de seguir mejorando. Este fin de semana Ignacio Procacitto correr\u00e1 en Viedma, R\u00edo Negro, por la novena fecha, siendo su segunda participaci\u00f3n en el 2017.<!--more--><\/p>\n<p>Teniendo conocimiento del circuito tras haber competido all\u00ed en 2016, el piloto de Las Rosas tiene ya algunas referencias de la pista. Tras la carrera de Toay, el equipo trabaj\u00f3 para solucionar algunos detalles l\u00f3gicos de un auto y equipo nuevo, mientras que en los motores hubo labores para corregir la falla que complic\u00f3 las posibilidades de sumar en La Pampa.<\/p>\n<p>\u201cTenemos todo en orden para Viedma, para salir el jueves hacia el circuito. Se repasaron los detalles que nos complicaron un poco en Toay, y por otro lado los hermanos Riva trabajaron para eliminar la falla que tuvimos en La Pampa\u201d, asegur\u00f3 \u2018Nachi\u2019 Procacitto, quien en 2016 clasific\u00f3 16\u00ba con un Chevrolet Corsa.<\/p>\n<p>El Volkswagen Gol Trend n\u00famero 37 naci\u00f3 bien, porque hubo muy buenos rendimientos parciales en la cita de estreno, pero no hay grandes presiones, s\u00f3lo deseos de que todo salga bien. Por eso Procacitto asegur\u00f3: \u201cEsperamos cumplir un buen papel, ya pas\u00f3 la ansiedad de la primera fecha y vamos a encarar varias cosas de una manera distinta. Esperamos tener un buen fin de semana desde lo deportivo, porque queremos llegar y sumar puntos\u201d.<\/p>\n<p>El cronograma indica que el viernes habr\u00e1 dos entrenamientos (11.30 a 12.40 y 13.30 a 14.40), y posteriormente la primera clasificaci\u00f3n (16.10 a 17). El s\u00e1bado se llevar\u00e1 a cabo la segunda clasificaci\u00f3n (10.50 a 11.40) y las series (13.30, 14 y 14.30, a seis vueltas cada una). En tanto que el domingo se correr\u00e1 la final a partir de las 12.30, a 16 giros o un m\u00e1ximo de 35 minutos en el trazado de 4.150 metros.<\/p>\n","protected":false},"excerpt":{"rendered":"<p>Pas\u00f3 el debut del Procacitto Racing en la Clase 2 de Turismo Nacional, y ahora es turno de seguir mejorando. Este fin de semana Ignacio Procacitto correr\u00e1 en Viedma, R\u00edo Negro, por la novena fecha, siendo su segunda participaci\u00f3n en el 2017.<\/p>\n","protected":false},"author":1,"featured_media":1659,"comment_status":"closed","ping_status":"closed","sticky":false,"template":"","format":"standard","meta":{"footnotes":""},"categories":[3],"tags":[],"class_list":["post-1705","post","type-post","status-publish","format-standard","has-post-thumbnail","hentry","category-novedades"],"_links":{"self":[{"href":"https:\/\/ignacioprocacitto.com.ar\/sitio\/wp-json\/wp\/v2\/posts\/1705","targetHints":{"allow":["GET"]}}],"collection":[{"href":"https:\/\/ignacioprocacitto.com.ar\/sitio\/wp-json\/wp\/v2\/posts"}],"about":[{"href":"https:\/\/ignacioprocacitto.com.ar\/sitio\/wp-json\/wp\/v2\/types\/post"}],"author":[{"embeddable":true,"href":"https:\/\/ignacioprocacitto.com.ar\/sitio\/wp-json\/wp\/v2\/users\/1"}],"replies":[{"embeddable":true,"href":"https:\/\/ignacioprocacitto.com.ar\/sitio\/wp-json\/wp\/v2\/comments?post=1705"}],"version-history":[{"count":0,"href":"https:\/\/ignacioprocacitto.com.ar\/sitio\/wp-json\/wp\/v2\/posts\/1705\/revisions"}],"wp:featuredmedia":[{"embeddable":true,"href":"https:\/\/ignacioprocacitto.com.ar\/sitio\/wp-json\/wp\/v2\/media\/1659"}],"wp:attachment":[{"href":"https:\/\/ignacioprocacitto.com.ar\/sitio\/wp-json\/wp\/v2\/media?parent=1705"}],"wp:term":[{"taxonomy":"category","embeddable":true,"href":"https:\/\/ignacioprocacitto.com.ar\/sitio\/wp-json\/wp\/v2\/categories?post=1705"},{"taxonomy":"post_tag","embeddable":true,"href":"https:\/\/ignacioprocacitto.com.ar\/sitio\/wp-json\/wp\/v2\/tags?post=1705"}],"curies":[{"name":"wp","href":"https:\/\/api.w.org\/{rel}","templated":true}]}}