{"id":1760,"date":"2017-10-15T23:26:42","date_gmt":"2017-10-15T23:26:42","guid":{"rendered":"http:\/\/www.ignacioprocacitto.com.ar\/sitio\/?p=1760"},"modified":"2017-10-15T23:26:42","modified_gmt":"2017-10-15T23:26:42","slug":"sumo-aunque-no-tuvo-buen-ritmo","status":"publish","type":"post","link":"https:\/\/ignacioprocacitto.com.ar\/sitio\/2017\/10\/15\/sumo-aunque-no-tuvo-buen-ritmo\/","title":{"rendered":"Sum\u00f3 aunque no tuvo buen ritmo"},"content":{"rendered":"<p>A pesar de no tener el rendimiento ideal, Ignacio Procacitto complet\u00f3 la d\u00e9cima fecha del Turismo Nacional Clase 2 sumando buenos puntos teniendo en cuenta c\u00f3mo se presentaron las cosas.<!--more--> El volante de Las Rosas reneg\u00f3 todo el fin de semana pero nunca se par\u00f3 y complet\u00f3 la exigencia en La Plata.<\/p>\n<p>El viernes se comenz\u00f3 un tanto dif\u00edcil, lejos de la punta en los entrenamientos. Con intensos trabajos en la puesta a punto, se fue mejorando el andar del Volkswagen Gol Trend en el tr\u00e1nsito de curva y corrigiendo de a poco una importante ida de cola, todo empez\u00f3 a reflejarse en los tiempos.<\/p>\n<p>Fue 19\u00ba en la primera tanda, y en la siguiente qued\u00f3 3\u00ba, aunque en la general se mantuvo 19\u00ba debido a que la pista tuvo un mejor clima el viernes y las condiciones empeoraron con la temperatura m\u00e1s elevada del s\u00e1bado.<\/p>\n<p>Partiendo s\u00e9ptimo en la primera serie, \u2018Nachi\u2019 intent\u00f3 avanzar y lo logr\u00f3, llegando sexto aunque con la intenci\u00f3n de continuar trabajando para tener mejor ritmo de vuelta. En el box no hubo descanso para alcanzar a tener un auto m\u00e1s competitivo, y en la final tuvo que comenzar desde la posici\u00f3n 17.<\/p>\n<p>El espect\u00e1culo final lo tuvo penando nuevamente, pero manteni\u00e9ndose alejado de los toques y superando cuando pudo, avanz\u00f3 al 15\u00ba lugar en competencia. M\u00e1s all\u00e1 de que no se pudo funcionar de la forma \u00f3ptima, se rescataron algunas unidades y el auto volvi\u00f3 entero.<\/p>\n<p>Tras la competencia, \u2018Nachi\u2019 analiz\u00f3: \u201cArrancamos complicados, yendo un poco de cola, de trompa, depende el sector. Luego mejoramos para la clasificaci\u00f3n pero con el pasar de las vueltas empeoraba el problema que ten\u00edamos. Para la tanda del s\u00e1bado mejoramos para una vuelta y fuimos terceros, pero la pista era m\u00e1s lenta. En la serie nos ca\u00edmos, andando complicados\u201d.<\/p>\n<p>Y complet\u00f3: \u201cDe cara a la final el equipo trabaj\u00f3 mucho pero en la segunda vuelta ya volvimos a funcionar mal. No pude mantener el ritmo durante todo el fin de semana y ahora queremos solucionarlo para la pr\u00f3xima fecha. Lo bueno es que llegamos, 15\u00ba, y completamos todas las vueltas de competencia\u201d.<\/p>\n<p>La pr\u00f3xima fecha ser\u00e1 el fin de semana del 12 de noviembre en el aut\u00f3dromo Oscar y Juan G\u00e1lvez de Buenos Aires.<\/p>\n","protected":false},"excerpt":{"rendered":"<p>A pesar de no tener el rendimiento ideal, Ignacio Procacitto complet\u00f3 la d\u00e9cima fecha del Turismo Nacional Clase 2 sumando buenos puntos teniendo en cuenta c\u00f3mo se presentaron las cosas.<\/p>\n","protected":false},"author":1,"featured_media":1762,"comment_status":"closed","ping_status":"closed","sticky":false,"template":"","format":"standard","meta":{"footnotes":""},"categories":[3],"tags":[],"class_list":["post-1760","post","type-post","status-publish","format-standard","has-post-thumbnail","hentry","category-novedades"],"_links":{"self":[{"href":"https:\/\/ignacioprocacitto.com.ar\/sitio\/wp-json\/wp\/v2\/posts\/1760","targetHints":{"allow":["GET"]}}],"collection":[{"href":"https:\/\/ignacioprocacitto.com.ar\/sitio\/wp-json\/wp\/v2\/posts"}],"about":[{"href":"https:\/\/ignacioprocacitto.com.ar\/sitio\/wp-json\/wp\/v2\/types\/post"}],"author":[{"embeddable":true,"href":"https:\/\/ignacioprocacitto.com.ar\/sitio\/wp-json\/wp\/v2\/users\/1"}],"replies":[{"embeddable":true,"href":"https:\/\/ignacioprocacitto.com.ar\/sitio\/wp-json\/wp\/v2\/comments?post=1760"}],"version-history":[{"count":0,"href":"https:\/\/ignacioprocacitto.com.ar\/sitio\/wp-json\/wp\/v2\/posts\/1760\/revisions"}],"wp:featuredmedia":[{"embeddable":true,"href":"https:\/\/ignacioprocacitto.com.ar\/sitio\/wp-json\/wp\/v2\/media\/1762"}],"wp:attachment":[{"href":"https:\/\/ignacioprocacitto.com.ar\/sitio\/wp-json\/wp\/v2\/media?parent=1760"}],"wp:term":[{"taxonomy":"category","embeddable":true,"href":"https:\/\/ignacioprocacitto.com.ar\/sitio\/wp-json\/wp\/v2\/categories?post=1760"},{"taxonomy":"post_tag","embeddable":true,"href":"https:\/\/ignacioprocacitto.com.ar\/sitio\/wp-json\/wp\/v2\/tags?post=1760"}],"curies":[{"name":"wp","href":"https:\/\/api.w.org\/{rel}","templated":true}]}}