{"id":1765,"date":"2017-11-07T13:59:44","date_gmt":"2017-11-07T13:59:44","guid":{"rendered":"http:\/\/www.ignacioprocacitto.com.ar\/sitio\/?p=1765"},"modified":"2017-11-07T13:59:44","modified_gmt":"2017-11-07T13:59:44","slug":"con-el-objetivo-de-progresar","status":"publish","type":"post","link":"https:\/\/ignacioprocacitto.com.ar\/sitio\/2017\/11\/07\/con-el-objetivo-de-progresar\/","title":{"rendered":"Con el objetivo de progresar"},"content":{"rendered":"<p>Se avecina la und\u00e9cima fecha de la Clase 2 de Turismo Nacional, e Ignacio Procacitto dar\u00e1 el presente con su estructura propia, estrenada hace algunas competencias nada m\u00e1s.<!--more--> El volante de Las Rosas pretende seguir puliendo detalles en el funcionamiento general.<\/p>\n<p>Competir en el aut\u00f3dromo Oscar y Juan G\u00e1lvez, uno de los trazados hist\u00f3ricos del automovilismo, es algo que no se da todos los d\u00edas, y el TN retorna tras catorce a\u00f1os. Pocos pilotos conocen la pista, y si bien \u2018Nachi\u2019 Procacitto es uno de ellos, ah\u00ed puede ser un punto a favor para aprovechar el potencial del auto.<\/p>\n<p>\u201cEstuvimos haciendo trabajos en el Gol Trend tratando de corregir el patinaje que tuvimos en La Plata y que sufrimos en parte en Viedma tambi\u00e9n. Ahora vamos a Buenos Aires, un circuito que no conocemos, pero que tendr\u00e1 partes trabadas y otras muy r\u00e1pidas, as\u00ed que esperamos funcionar muy bien\u201d, coment\u00f3 el rosense, quien ya ha conseguido estar entre los diez mejores de una final en Viedma.<\/p>\n<p>Y complet\u00f3: \u201cContamos con una buena herramienta mec\u00e1nica, no estamos muy lejos de la punta pero tenemos que seguir trabajando. Queremos seguir sumando en estas competencias, afinando detalles para empezar el 2018 de la mejor manera. Tenemos buenas expectativas para este fin de semana y adem\u00e1s, seremos pr\u00e1cticamente locales en la \u00faltima en Rosario y eso nos motiva m\u00e1s\u201d.<\/p>\n<p>El viernes comenzar\u00e1n las actividades en pista con los entrenamientos (11.30 a 12.40 y 13.30 a 14.40), para dar lugar a la primera clasificaci\u00f3n (16.30 a 17.20). El s\u00e1bado se definir\u00e1 la clasificaci\u00f3n (10.50 a 11.40), y por la tarde se llevar\u00e1n a cabo las series (13.30, 14 y 14.30, a seis vueltas). El domingo como es habitual ser\u00e1 la final, desde las 12.30 a 18 giros o un m\u00e1ximo de 35 minutos.<\/p>\n","protected":false},"excerpt":{"rendered":"<p>Se avecina la und\u00e9cima fecha de la Clase 2 de Turismo Nacional, e Ignacio Procacitto dar\u00e1 el presente con su estructura propia, estrenada hace algunas competencias nada m\u00e1s.<\/p>\n","protected":false},"author":1,"featured_media":1767,"comment_status":"closed","ping_status":"closed","sticky":false,"template":"","format":"standard","meta":{"footnotes":""},"categories":[3],"tags":[],"class_list":["post-1765","post","type-post","status-publish","format-standard","has-post-thumbnail","hentry","category-novedades"],"_links":{"self":[{"href":"https:\/\/ignacioprocacitto.com.ar\/sitio\/wp-json\/wp\/v2\/posts\/1765","targetHints":{"allow":["GET"]}}],"collection":[{"href":"https:\/\/ignacioprocacitto.com.ar\/sitio\/wp-json\/wp\/v2\/posts"}],"about":[{"href":"https:\/\/ignacioprocacitto.com.ar\/sitio\/wp-json\/wp\/v2\/types\/post"}],"author":[{"embeddable":true,"href":"https:\/\/ignacioprocacitto.com.ar\/sitio\/wp-json\/wp\/v2\/users\/1"}],"replies":[{"embeddable":true,"href":"https:\/\/ignacioprocacitto.com.ar\/sitio\/wp-json\/wp\/v2\/comments?post=1765"}],"version-history":[{"count":0,"href":"https:\/\/ignacioprocacitto.com.ar\/sitio\/wp-json\/wp\/v2\/posts\/1765\/revisions"}],"wp:featuredmedia":[{"embeddable":true,"href":"https:\/\/ignacioprocacitto.com.ar\/sitio\/wp-json\/wp\/v2\/media\/1767"}],"wp:attachment":[{"href":"https:\/\/ignacioprocacitto.com.ar\/sitio\/wp-json\/wp\/v2\/media?parent=1765"}],"wp:term":[{"taxonomy":"category","embeddable":true,"href":"https:\/\/ignacioprocacitto.com.ar\/sitio\/wp-json\/wp\/v2\/categories?post=1765"},{"taxonomy":"post_tag","embeddable":true,"href":"https:\/\/ignacioprocacitto.com.ar\/sitio\/wp-json\/wp\/v2\/tags?post=1765"}],"curies":[{"name":"wp","href":"https:\/\/api.w.org\/{rel}","templated":true}]}}