{"id":1818,"date":"2017-11-13T14:57:27","date_gmt":"2017-11-13T14:57:27","guid":{"rendered":"http:\/\/www.ignacioprocacitto.com.ar\/sitio\/?p=1818"},"modified":"2017-11-13T14:57:27","modified_gmt":"2017-11-13T14:57:27","slug":"mejoro-para-el-domingo","status":"publish","type":"post","link":"https:\/\/ignacioprocacitto.com.ar\/sitio\/2017\/11\/13\/mejoro-para-el-domingo\/","title":{"rendered":"Mejor\u00f3 para el domingo"},"content":{"rendered":"<p>Ignacio Procacitto complet\u00f3 las exigencias en la pen\u00faltima fecha de la Clase 2 de Turismo Nacional. <!--more-->El rosense pudo ver la meta aunque las complicaciones estuvieron previo a correr, renegando con la puesta a punto. Luego tuvo una final donde avanz\u00f3 y lleg\u00f3 16\u00ba.<\/p>\n<p>Yendo de menor a mayor, el viernes \u2018Nachi\u2019 Procacitto casi no pudo conocer los detalles del trazado porque en las pr\u00e1cticas diversos inconvenientes mec\u00e1nicos obligaron a guardarse en boxes para encontrar los detalles que no dejaban desplegar todo el nivel del Volkswagen Gol Trend n\u00famero 37.<\/p>\n<p>En clasificaci\u00f3n, qued\u00f3 trig\u00e9simo en tandas muy ajustadas, donde cada d\u00e9cima val\u00eda m\u00e1s de un puesto. Partiendo d\u00e9cimo en la serie sabatina, se not\u00f3 tener un buen motor, pero el camino tomado para la puesta a punto no era el mejor. As\u00ed y todo gan\u00f3 dos lugares y concluy\u00f3 octavo.<\/p>\n<p>Cambiando todo para el domingo, con una configuraci\u00f3n opuesta a la planteada los d\u00edas anteriores, Procacitto se herman\u00f3 mucho mejor con el veh\u00edculo y pele\u00f3 de igual a igual. Por momentos avanz\u00f3 mucho, aunque en algunos casos le toc\u00f3 ceder tambi\u00e9n. Siendo una final entretenida, pudo ver el final en el lugar 16.<\/p>\n<p>\u201cEn la final mejoramos la puesta a punto del auto pero tenemos las mismas tendencias en el andar que nos complican. Con Fernando Bulla debemos trabajar para ver qu\u00e9 es lo que tenemos que mejorar. El resto funcion\u00f3 bastante bien, y quer\u00edamos llegar y lo logramos. Fue \u00e1spera la final, y hac\u00eda mucho calor\u201d, explic\u00f3 Procacitto, tras el complejo fin de semana compartido con el equipo.<\/p>\n<p>Finalmente, expres\u00f3: \u201cAhora esperamos poder hacer buenas labores de taller y llegar a Rosario bien preparados, y que den resultados los cambios. El motor de los hermanos Riva fue muy competitivo y por ese lado estamos con fe en una \u00faltima carrera que seguramente va a ser exigente\u201d.<\/p>\n<p>El cierre de temporada ser\u00e1 el fin de semana del 3 de diciembre en Rosario, donde Procacitto ser\u00e1 pr\u00e1cticamente local, con mucha gente que lo acompa\u00f1ar\u00e1 y apoyar\u00e1.<\/p>\n","protected":false},"excerpt":{"rendered":"<p>Ignacio Procacitto complet\u00f3 las exigencias en la pen\u00faltima fecha de la Clase 2 de Turismo Nacional.<\/p>\n","protected":false},"author":1,"featured_media":1852,"comment_status":"closed","ping_status":"closed","sticky":false,"template":"","format":"standard","meta":{"footnotes":""},"categories":[3],"tags":[],"class_list":["post-1818","post","type-post","status-publish","format-standard","has-post-thumbnail","hentry","category-novedades"],"_links":{"self":[{"href":"https:\/\/ignacioprocacitto.com.ar\/sitio\/wp-json\/wp\/v2\/posts\/1818","targetHints":{"allow":["GET"]}}],"collection":[{"href":"https:\/\/ignacioprocacitto.com.ar\/sitio\/wp-json\/wp\/v2\/posts"}],"about":[{"href":"https:\/\/ignacioprocacitto.com.ar\/sitio\/wp-json\/wp\/v2\/types\/post"}],"author":[{"embeddable":true,"href":"https:\/\/ignacioprocacitto.com.ar\/sitio\/wp-json\/wp\/v2\/users\/1"}],"replies":[{"embeddable":true,"href":"https:\/\/ignacioprocacitto.com.ar\/sitio\/wp-json\/wp\/v2\/comments?post=1818"}],"version-history":[{"count":0,"href":"https:\/\/ignacioprocacitto.com.ar\/sitio\/wp-json\/wp\/v2\/posts\/1818\/revisions"}],"wp:featuredmedia":[{"embeddable":true,"href":"https:\/\/ignacioprocacitto.com.ar\/sitio\/wp-json\/wp\/v2\/media\/1852"}],"wp:attachment":[{"href":"https:\/\/ignacioprocacitto.com.ar\/sitio\/wp-json\/wp\/v2\/media?parent=1818"}],"wp:term":[{"taxonomy":"category","embeddable":true,"href":"https:\/\/ignacioprocacitto.com.ar\/sitio\/wp-json\/wp\/v2\/categories?post=1818"},{"taxonomy":"post_tag","embeddable":true,"href":"https:\/\/ignacioprocacitto.com.ar\/sitio\/wp-json\/wp\/v2\/tags?post=1818"}],"curies":[{"name":"wp","href":"https:\/\/api.w.org\/{rel}","templated":true}]}}