{"id":1869,"date":"2018-10-17T16:50:38","date_gmt":"2018-10-17T16:50:38","guid":{"rendered":"http:\/\/www.ignacioprocacitto.com.ar\/sitio\/?p=1869"},"modified":"2018-10-17T16:50:38","modified_gmt":"2018-10-17T16:50:38","slug":"ignacio-procacitto-retorna","status":"publish","type":"post","link":"https:\/\/ignacioprocacitto.com.ar\/sitio\/2018\/10\/17\/ignacio-procacitto-retorna\/","title":{"rendered":"Ignacio Procacitto retorna"},"content":{"rendered":"<p style=\"text-align: justify;\">Haci\u00e9ndose esperar por varios meses, el regreso a las pistas de Ignacio Procacitto qued\u00f3 confirmado para este fin de semana en R\u00edo Cuarto, cuando el Turismo Nacional lleve a cabo su d\u00e9cimo cap\u00edtulo de la temporada.<!--more--><\/p>\n<p style=\"text-align: justify;\">Ser\u00e1 la primera carrera en el 2018 para el volante de Las Rosas en el Turismo Nacional, y su segunda competencia en toda la temporada dentro del deporte motor, tras haber corrido en enero como invitado en un fecha especial de un certamen de Karting.<\/p>\n<p style=\"text-align: justify;\">Con nuevos ingenieros a cargo del chasis del Volkswagen Gol Trend, se hicieron reformas en el auto y fue probado en Paran\u00e1 d\u00edas atr\u00e1s. Dami\u00e1n Corba y Sebasti\u00e1n Pr\u00f3speri est\u00e1n a cargo de ese aspecto, junto al equipo rosense y familiar de los Procacitto.<\/p>\n<p style=\"text-align: justify;\">&#8220;La prueba fue para entendernos con Dami\u00e1n Corba y Sebasti\u00e1n Pr\u00f3speri y ensayar con el Gol Trend. A R\u00edo Cuarto iremos a buscar par\u00e1metros de carrera, tratando de tener todo lo mejor posible&#8221;, afirm\u00f3 \u2018Nachi\u2019 Procacitto.<\/p>\n<p style=\"text-align: justify;\">Y complet\u00f3: &#8220;Se hicieron un par de actualizaciones, siendo una de ellas en el eje trasero, que desde este a\u00f1o se habilitaron para el Gol. Buscamos un auto competitivo que nos ponga a la altura de las circunstancias&#8221;.<\/p>\n<p style=\"text-align: justify;\">Cronograma:<br \/>\nViernes: Entrenamientos (11.30 a 12.40 y 13.30 a 14.40) y Clasificaci\u00f3n (16 a 16.50).<br \/>\nS\u00e1bado: Series (13.30, 14 y 14.30 a 6 vueltas)<br \/>\nDomingo: Final (12.30 a 19 vueltas o un m\u00e1ximo de 35 minutos)<\/p>\n<p>&nbsp;<\/p>\n<p><a href=\"https:\/\/www.ignacioprocacitto.com.ar\/sitio\/wp-content\/uploads\/2017\/08\/IP_17111216.jpg\"><img fetchpriority=\"high\" decoding=\"async\" class=\"alignnone size-medium wp-image-1859\" src=\"https:\/\/www.ignacioprocacitto.com.ar\/sitio\/wp-content\/uploads\/2017\/08\/IP_17111216-200x300.jpg\" alt=\"\" width=\"200\" height=\"300\" srcset=\"https:\/\/ignacioprocacitto.com.ar\/sitio\/wp-content\/uploads\/2017\/08\/IP_17111216-200x300.jpg 200w, https:\/\/ignacioprocacitto.com.ar\/sitio\/wp-content\/uploads\/2017\/08\/IP_17111216-768x1152.jpg 768w, https:\/\/ignacioprocacitto.com.ar\/sitio\/wp-content\/uploads\/2017\/08\/IP_17111216-683x1024.jpg 683w, https:\/\/ignacioprocacitto.com.ar\/sitio\/wp-content\/uploads\/2017\/08\/IP_17111216.jpg 900w\" sizes=\"(max-width: 200px) 100vw, 200px\" \/><\/a><\/p>\n","protected":false},"excerpt":{"rendered":"<p>Haci\u00e9ndose esperar por varios meses, el regreso a las pistas de Ignacio Procacitto qued\u00f3 confirmado para este fin de semana en R\u00edo Cuarto, cuando el Turismo Nacional lleve a cabo su d\u00e9cimo cap\u00edtulo de la temporada.<\/p>\n","protected":false},"author":1,"featured_media":1841,"comment_status":"closed","ping_status":"closed","sticky":false,"template":"","format":"standard","meta":{"footnotes":""},"categories":[3],"tags":[],"class_list":["post-1869","post","type-post","status-publish","format-standard","has-post-thumbnail","hentry","category-novedades"],"_links":{"self":[{"href":"https:\/\/ignacioprocacitto.com.ar\/sitio\/wp-json\/wp\/v2\/posts\/1869","targetHints":{"allow":["GET"]}}],"collection":[{"href":"https:\/\/ignacioprocacitto.com.ar\/sitio\/wp-json\/wp\/v2\/posts"}],"about":[{"href":"https:\/\/ignacioprocacitto.com.ar\/sitio\/wp-json\/wp\/v2\/types\/post"}],"author":[{"embeddable":true,"href":"https:\/\/ignacioprocacitto.com.ar\/sitio\/wp-json\/wp\/v2\/users\/1"}],"replies":[{"embeddable":true,"href":"https:\/\/ignacioprocacitto.com.ar\/sitio\/wp-json\/wp\/v2\/comments?post=1869"}],"version-history":[{"count":0,"href":"https:\/\/ignacioprocacitto.com.ar\/sitio\/wp-json\/wp\/v2\/posts\/1869\/revisions"}],"wp:featuredmedia":[{"embeddable":true,"href":"https:\/\/ignacioprocacitto.com.ar\/sitio\/wp-json\/wp\/v2\/media\/1841"}],"wp:attachment":[{"href":"https:\/\/ignacioprocacitto.com.ar\/sitio\/wp-json\/wp\/v2\/media?parent=1869"}],"wp:term":[{"taxonomy":"category","embeddable":true,"href":"https:\/\/ignacioprocacitto.com.ar\/sitio\/wp-json\/wp\/v2\/categories?post=1869"},{"taxonomy":"post_tag","embeddable":true,"href":"https:\/\/ignacioprocacitto.com.ar\/sitio\/wp-json\/wp\/v2\/tags?post=1869"}],"curies":[{"name":"wp","href":"https:\/\/api.w.org\/{rel}","templated":true}]}}