{"id":1874,"date":"2018-10-22T00:19:50","date_gmt":"2018-10-22T00:19:50","guid":{"rendered":"http:\/\/www.ignacioprocacitto.com.ar\/sitio\/?p=1874"},"modified":"2018-10-22T00:19:50","modified_gmt":"2018-10-22T00:19:50","slug":"completo-la-final-en-el-regreso","status":"publish","type":"post","link":"https:\/\/ignacioprocacitto.com.ar\/sitio\/2018\/10\/22\/completo-la-final-en-el-regreso\/","title":{"rendered":"Complet\u00f3 la final en el regreso"},"content":{"rendered":"<p style=\"text-align: justify;\">Ignacio Procacitto llev\u00f3 a cabo su vuelta al Turismo Nacional Clase 2, con un resultado que invita a seguir trabajando a consciencia para ser competitivos. El volante de Las Rosas aprovech\u00f3 su Volkswagen Gol Trend mientras pudo, en un fin de semana dif\u00edcil.<!--more--><\/p>\n<p style=\"text-align: justify;\">Llegando a salir a pista reci\u00e9n en el segundo entrenamiento, \u2018Nachi\u2019 pen\u00f3 con el clima, porque hubo lloviznas en todo momento. Entonces el volante de Las Rosas no pudo lograr las referencias adecuadas, y qued\u00f3 31\u00ba en clasificaci\u00f3n, entre 38 anotados.<\/p>\n<p style=\"text-align: justify;\">Priorizando el llegar antes que arriesgar, en la serie del s\u00e1bado las cosas salieron bien. Procacitto avanz\u00f3 dos puestos y pele\u00f3 en pista con buen ritmo, y lleg\u00f3 noveno, obteniendo un 26\u00ba lugar de largada nada despreciable por ser una carrera con mucho de ensayo.<\/p>\n<p style=\"text-align: justify;\">Para la final del domingo se sigui\u00f3 trabajando en la puesta a punto del Volkswagen Gol n\u00famero 33, el arranque fue bueno y logr\u00f3 pasar varios rivales, llegando a la zona de puntos. Pero un roce lo ayud\u00f3 a irse de pista y perdi\u00f3 muchos lugares, terminando 24\u00ba.<\/p>\n<p style=\"text-align: justify;\">\u201cPudimos girar en el pelot\u00f3n, aunque yo estaba falto de ritmo. Despu\u00e9s del roce que tuvimos, quedamos solos en carrera y encontramos radios de giro que le sentaron mejor al Gol Trend. El auto cambi\u00f3 con lo que se trabaj\u00f3 en el taller, en la prueba en Paran\u00e1 y lo que se toc\u00f3 durante el fin de semana\u201d, coment\u00f3 el rosense.<\/p>\n<p style=\"text-align: justify;\">Y complet\u00f3: \u201cAhora tenemos que trabajar con los hermanos Riva en el motor, con Dami\u00e1n Corba y Sebasti\u00e1n Pr\u00f3speri en el chasis, porque debemos mejorar el auto y ser m\u00e1s r\u00e1pidos. Pero debemos seguir girando\u201d.<\/p>\n<p style=\"text-align: justify;\">La pr\u00f3xima fecha ser\u00e1 el fin de semana del 11 de noviembre en San Luis.<\/p>\n","protected":false},"excerpt":{"rendered":"<p>Ignacio Procacitto llev\u00f3 a cabo su vuelta al Turismo Nacional Clase 2, con un resultado que invita a seguir trabajando a consciencia para ser competitivos. El volante de Las Rosas aprovech\u00f3 su Volkswagen Gol Trend mientras pudo, en un fin de semana dif\u00edcil.<\/p>\n","protected":false},"author":1,"featured_media":1876,"comment_status":"closed","ping_status":"closed","sticky":false,"template":"","format":"standard","meta":{"footnotes":""},"categories":[3],"tags":[],"class_list":["post-1874","post","type-post","status-publish","format-standard","has-post-thumbnail","hentry","category-novedades"],"_links":{"self":[{"href":"https:\/\/ignacioprocacitto.com.ar\/sitio\/wp-json\/wp\/v2\/posts\/1874","targetHints":{"allow":["GET"]}}],"collection":[{"href":"https:\/\/ignacioprocacitto.com.ar\/sitio\/wp-json\/wp\/v2\/posts"}],"about":[{"href":"https:\/\/ignacioprocacitto.com.ar\/sitio\/wp-json\/wp\/v2\/types\/post"}],"author":[{"embeddable":true,"href":"https:\/\/ignacioprocacitto.com.ar\/sitio\/wp-json\/wp\/v2\/users\/1"}],"replies":[{"embeddable":true,"href":"https:\/\/ignacioprocacitto.com.ar\/sitio\/wp-json\/wp\/v2\/comments?post=1874"}],"version-history":[{"count":0,"href":"https:\/\/ignacioprocacitto.com.ar\/sitio\/wp-json\/wp\/v2\/posts\/1874\/revisions"}],"wp:featuredmedia":[{"embeddable":true,"href":"https:\/\/ignacioprocacitto.com.ar\/sitio\/wp-json\/wp\/v2\/media\/1876"}],"wp:attachment":[{"href":"https:\/\/ignacioprocacitto.com.ar\/sitio\/wp-json\/wp\/v2\/media?parent=1874"}],"wp:term":[{"taxonomy":"category","embeddable":true,"href":"https:\/\/ignacioprocacitto.com.ar\/sitio\/wp-json\/wp\/v2\/categories?post=1874"},{"taxonomy":"post_tag","embeddable":true,"href":"https:\/\/ignacioprocacitto.com.ar\/sitio\/wp-json\/wp\/v2\/tags?post=1874"}],"curies":[{"name":"wp","href":"https:\/\/api.w.org\/{rel}","templated":true}]}}