{"id":1924,"date":"2018-12-13T15:09:55","date_gmt":"2018-12-13T15:09:55","guid":{"rendered":"http:\/\/www.ignacioprocacitto.com.ar\/sitio\/?p=1924"},"modified":"2018-12-13T15:09:55","modified_gmt":"2018-12-13T15:09:55","slug":"regresa-para-la-ultima","status":"publish","type":"post","link":"https:\/\/ignacioprocacitto.com.ar\/sitio\/2018\/12\/13\/regresa-para-la-ultima\/","title":{"rendered":"Regresa para la \u00faltima"},"content":{"rendered":"<p>De cara al cierre de temporada de Turismo Nacional Clase 2, Ignacio Procacitto se presentar\u00e1 con su estructura que representar\u00e1 a Las Rosas en Viedma. Con importantes modificaciones en el veh\u00edculo, se espera poder tener el potencial que conforme a todas las partes.<!--more--><\/p>\n<p>El objetivo es tener la mejor preparaci\u00f3n para el 2019. Por eso estar presentes en Viedma, en la \u00faltima cita del certamen, es fundamental para medirse frente a los rivales en un a\u00f1o que vio a todas las marcas protagonistas. Con un Volkswagen Gol Trend, un modelo que en algunas carreras casi no tuvo corredores, quiere encontrarse con el nivel que le permita pelear de igual a igual con cualquiera.<\/p>\n<p>\u201cSe trabaj\u00f3 en el auto que nos pas\u00f3 Dami\u00e1n Corba, sobre todo en suspensi\u00f3n. Desde su punto de vista marc\u00f3 labores en el auto con conceptos nuevos que nosotros no ten\u00edamos y que \u00e9l trabaja desde hace tiempo en otros autos. Se trabaj\u00f3 en el motor porque no ten\u00eda un buen funcionamiento en R\u00edo Cuarto, y los hermanos Riva encontraron d\u00f3nde hacer mejoras\u201d, explic\u00f3 \u2018Nachi\u2019 Procacitto.<\/p>\n<p>Y complet\u00f3: \u201cQueremos funcionar bien en Viedma para arrancar el 2019 de la mejor manera, ya que esperamos poder correr todo el calendario en la Clase 2 de Turismo Nacional\u201d.<\/p>\n<p><strong>Cronograma<\/strong>:<br \/>\nViernes: Entrenamientos (11.30 a 12.40 y 13.30 a 14.40) y Clasificaci\u00f3n (16 a 16.50)<br \/>\nS\u00e1bado: Series (13.30, 14 y 14.30, a 6 vueltas)<br \/>\nDomingo: Final (12.30 a 16 vueltas o un m\u00e1ximo de 35 minutos)<\/p>\n","protected":false},"excerpt":{"rendered":"<p>De cara al cierre de temporada de Turismo Nacional Clase 2, Ignacio Procacitto se presentar\u00e1 con su estructura que representar\u00e1 a Las Rosas en Viedma. Con importantes modificaciones en el veh\u00edculo, se espera poder tener el potencial que conforme a todas las partes.<\/p>\n","protected":false},"author":1,"featured_media":1904,"comment_status":"closed","ping_status":"closed","sticky":false,"template":"","format":"standard","meta":{"footnotes":""},"categories":[3],"tags":[],"class_list":["post-1924","post","type-post","status-publish","format-standard","has-post-thumbnail","hentry","category-novedades"],"_links":{"self":[{"href":"https:\/\/ignacioprocacitto.com.ar\/sitio\/wp-json\/wp\/v2\/posts\/1924","targetHints":{"allow":["GET"]}}],"collection":[{"href":"https:\/\/ignacioprocacitto.com.ar\/sitio\/wp-json\/wp\/v2\/posts"}],"about":[{"href":"https:\/\/ignacioprocacitto.com.ar\/sitio\/wp-json\/wp\/v2\/types\/post"}],"author":[{"embeddable":true,"href":"https:\/\/ignacioprocacitto.com.ar\/sitio\/wp-json\/wp\/v2\/users\/1"}],"replies":[{"embeddable":true,"href":"https:\/\/ignacioprocacitto.com.ar\/sitio\/wp-json\/wp\/v2\/comments?post=1924"}],"version-history":[{"count":0,"href":"https:\/\/ignacioprocacitto.com.ar\/sitio\/wp-json\/wp\/v2\/posts\/1924\/revisions"}],"wp:featuredmedia":[{"embeddable":true,"href":"https:\/\/ignacioprocacitto.com.ar\/sitio\/wp-json\/wp\/v2\/media\/1904"}],"wp:attachment":[{"href":"https:\/\/ignacioprocacitto.com.ar\/sitio\/wp-json\/wp\/v2\/media?parent=1924"}],"wp:term":[{"taxonomy":"category","embeddable":true,"href":"https:\/\/ignacioprocacitto.com.ar\/sitio\/wp-json\/wp\/v2\/categories?post=1924"},{"taxonomy":"post_tag","embeddable":true,"href":"https:\/\/ignacioprocacitto.com.ar\/sitio\/wp-json\/wp\/v2\/tags?post=1924"}],"curies":[{"name":"wp","href":"https:\/\/api.w.org\/{rel}","templated":true}]}}