{"id":1927,"date":"2018-12-17T19:07:02","date_gmt":"2018-12-17T19:07:02","guid":{"rendered":"http:\/\/www.ignacioprocacitto.com.ar\/sitio\/?p=1927"},"modified":"2018-12-17T19:07:02","modified_gmt":"2018-12-17T19:07:02","slug":"sumo-puntos-y-se-piensa-en-2019","status":"publish","type":"post","link":"https:\/\/ignacioprocacitto.com.ar\/sitio\/2018\/12\/17\/sumo-puntos-y-se-piensa-en-2019\/","title":{"rendered":"Sum\u00f3 puntos y se piensa en 2019"},"content":{"rendered":"<p style=\"text-align: justify;\">Ignacio Procacitto dio el presente en Viedma y complet\u00f3 la final en el puesto 16, tras luchar siempre en zona de puntos. Fue la fecha de cierre para el Turismo Nacional Clase 2, donde el rosense busc\u00f3 par\u00e1metros de su auto y de los rivales para trabajar de cara al 2019.<!--more--><\/p>\n<p style=\"text-align: justify;\">Un clima adverso complic\u00f3 el inicio de actividades y eso perjudic\u00f3 a Procacitto, porque antes de clasificar se realiz\u00f3 solamente un entrenamiento, una vez que la intensa lluvia que cay\u00f3, par\u00f3. Siendo de los m\u00e1s r\u00e1pidos de su grupo en pista, en clasificaci\u00f3n concluy\u00f3 16\u00ba.<\/p>\n<p style=\"text-align: justify;\">El s\u00e1bado con otras condiciones, se hizo otra pr\u00e1ctica donde anduvo muy bien. Despu\u00e9s en la serie, donde el funcionamiento no fue satisfactorio, lleg\u00f3 sexto. Entonces el equipo trabaj\u00f3 para la final, y se encontr\u00f3 un auto un poco mejor. El fragor de la lucha lo hizo avanzar en un momento, pero luego perdi\u00f3 algo de terreno y \u2018Nachi\u2019 no pudo ser m\u00e1s que 16\u00ba.<\/p>\n<p style=\"text-align: justify;\">\u201cEl viernes fue impresionante lo que llov\u00eda, y a pesar de tener un solo entrenamiento antes de la clasificaci\u00f3n, nos metimos 16\u00ba. Con el equipo trabajamos mucho en el auto y el s\u00e1bado en la serie no anduvimos como quer\u00edamos, porque se nos iba de cola. El domingo fue mucho mejor, est\u00e1bamos 13\u00ba. En el \u00faltimo frenaje and\u00e1bamos complicados y nos pasaron algunos pero de todas maneras sumamos\u201d, manifest\u00f3 Procacitto.<\/p>\n<p style=\"text-align: justify;\">Y complet\u00f3: \u201cVamos a hacer un an\u00e1lisis de todo lo hecho con Dami\u00e1n Corba y nuestro equipo, para determinar pasos a seguir en el verano pensando en la temporada 2019. Sirve de par\u00e1metro lo hecho en R\u00edo Cuarto y ahora lo de Viedma\u201d.<\/p>\n","protected":false},"excerpt":{"rendered":"<p>Ignacio Procacitto dio el presente en Viedma y complet\u00f3 la final en el puesto 16, tras luchar siempre en zona de puntos. Fue la fecha de cierre para el Turismo Nacional Clase 2, donde el rosense busc\u00f3 par\u00e1metros de su auto y de los rivales para trabajar de cara al 2019.<\/p>\n","protected":false},"author":1,"featured_media":1929,"comment_status":"closed","ping_status":"closed","sticky":false,"template":"","format":"standard","meta":{"footnotes":""},"categories":[3],"tags":[],"class_list":["post-1927","post","type-post","status-publish","format-standard","has-post-thumbnail","hentry","category-novedades"],"_links":{"self":[{"href":"https:\/\/ignacioprocacitto.com.ar\/sitio\/wp-json\/wp\/v2\/posts\/1927","targetHints":{"allow":["GET"]}}],"collection":[{"href":"https:\/\/ignacioprocacitto.com.ar\/sitio\/wp-json\/wp\/v2\/posts"}],"about":[{"href":"https:\/\/ignacioprocacitto.com.ar\/sitio\/wp-json\/wp\/v2\/types\/post"}],"author":[{"embeddable":true,"href":"https:\/\/ignacioprocacitto.com.ar\/sitio\/wp-json\/wp\/v2\/users\/1"}],"replies":[{"embeddable":true,"href":"https:\/\/ignacioprocacitto.com.ar\/sitio\/wp-json\/wp\/v2\/comments?post=1927"}],"version-history":[{"count":0,"href":"https:\/\/ignacioprocacitto.com.ar\/sitio\/wp-json\/wp\/v2\/posts\/1927\/revisions"}],"wp:featuredmedia":[{"embeddable":true,"href":"https:\/\/ignacioprocacitto.com.ar\/sitio\/wp-json\/wp\/v2\/media\/1929"}],"wp:attachment":[{"href":"https:\/\/ignacioprocacitto.com.ar\/sitio\/wp-json\/wp\/v2\/media?parent=1927"}],"wp:term":[{"taxonomy":"category","embeddable":true,"href":"https:\/\/ignacioprocacitto.com.ar\/sitio\/wp-json\/wp\/v2\/categories?post=1927"},{"taxonomy":"post_tag","embeddable":true,"href":"https:\/\/ignacioprocacitto.com.ar\/sitio\/wp-json\/wp\/v2\/tags?post=1927"}],"curies":[{"name":"wp","href":"https:\/\/api.w.org\/{rel}","templated":true}]}}