{"id":1972,"date":"2019-02-19T14:48:23","date_gmt":"2019-02-19T14:48:23","guid":{"rendered":"http:\/\/www.ignacioprocacitto.com.ar\/sitio\/?p=1972"},"modified":"2019-02-19T14:48:23","modified_gmt":"2019-02-19T14:48:23","slug":"ignacio-procacitto-comienza-su-2019","status":"publish","type":"post","link":"https:\/\/ignacioprocacitto.com.ar\/sitio\/2019\/02\/19\/ignacio-procacitto-comienza-su-2019\/","title":{"rendered":"Ignacio Procacitto comienza su 2019"},"content":{"rendered":"<p>El representante de Las Rosas, Ignacio Procacitto, ya est\u00e1 listo para disputar la temporada 2019 de Turismo Nacional Clase 2, con su equipo representando a la ciudad y la regi\u00f3n. Con su Volkswagen Gol Trend ya se preparan para el inicio en Villa Mercedes, San Luis, en el Parque La Pedrera.<!--more--><\/p>\n<p>No ser\u00e1 una carrera m\u00e1s, porque si bien es un circuito nuevo para \u00e9l y la categor\u00eda, tambi\u00e9n lo es por sus caracter\u00edsticas, porque es un circuito semipermanente envuelto en muros de concreto. \u2018Nachi\u2019 estuvo haciendo una intensa pretemporada desde lo psicof\u00edsico con el profesor Facundo Garayalde, y a la par estuvo en el taller en Las Rosas trabajando sobre el auto con su gente.<\/p>\n<p>\u201cEstuvimos a pleno durante todo el verano, repasando el auto por completo. Dami\u00e1n Corba midi\u00f3 todo el auto y encontr\u00f3 varios ajustes para hacer. En Viedma corroboramos que estamos haciendo las cosas bastante bien y creo que vamos a solucionar varios inconvenientes que ten\u00edamos\u201d, coment\u00f3 Procacitto.<\/p>\n<p>Y complet\u00f3: \u201cEsperamos tranquilos el inicio de a\u00f1o porque el circuito por lo que se ve, es complicado. Trataremos de sumar experiencia y vueltas, y con el correr del a\u00f1o ir ajust\u00e1ndonos para llegar a un gran potencial. Seguramente lo iremos encontrando cuando transcurran las carreras\u201d.<\/p>\n<p>&nbsp;<\/p>\n<p><strong>Cronograma:<\/strong><\/p>\n<p>Jueves: Pruebas Comunitarias<\/p>\n<p>Viernes: Entrenamientos (11.30 a 12.40 y 13.30 a 14.40) y Clasificaci\u00f3n (16 a 16.50)<\/p>\n<p>S\u00e1bado: Series (14.10 y 14.30, a 6 vueltas)<\/p>\n<p>Domingo: Final (12.30 a 15 vueltas o un m\u00e1ximo de 35 minutos)<\/p>\n<p>&nbsp;<\/p>\n<figure id=\"attachment_1970\" aria-describedby=\"caption-attachment-1970\" style=\"width: 300px\" class=\"wp-caption alignnone\"><a href=\"https:\/\/www.ignacioprocacitto.com.ar\/sitio\/wp-content\/uploads\/2019\/02\/361_ex-2864-20190214.jpg\"><img fetchpriority=\"high\" decoding=\"async\" class=\"size-medium wp-image-1970\" src=\"https:\/\/www.ignacioprocacitto.com.ar\/sitio\/wp-content\/uploads\/2019\/02\/361_ex-2864-20190214-300x213.jpg\" alt=\"\" width=\"300\" height=\"213\" \/><\/a><figcaption id=\"caption-attachment-1970\" class=\"wp-caption-text\">Trazado del aut\u00f3dromo Jos\u00e9 Carlos Bassi en el Parque La Pedrera, Villa Mercedes, San Luis.<\/figcaption><\/figure>\n<p>&nbsp;<\/p>\n","protected":false},"excerpt":{"rendered":"<p>El representante de Las Rosas, Ignacio Procacitto, ya est\u00e1 listo para disputar la temporada 2019 de Turismo Nacional Clase 2, con su equipo representando a la ciudad y la regi\u00f3n. Con su Volkswagen Gol Trend ya se preparan para el inicio en Villa Mercedes, San Luis, en el Parque La Pedrera.<\/p>\n","protected":false},"author":1,"featured_media":1954,"comment_status":"closed","ping_status":"closed","sticky":false,"template":"","format":"standard","meta":{"footnotes":""},"categories":[3],"tags":[],"class_list":["post-1972","post","type-post","status-publish","format-standard","has-post-thumbnail","hentry","category-novedades"],"_links":{"self":[{"href":"https:\/\/ignacioprocacitto.com.ar\/sitio\/wp-json\/wp\/v2\/posts\/1972","targetHints":{"allow":["GET"]}}],"collection":[{"href":"https:\/\/ignacioprocacitto.com.ar\/sitio\/wp-json\/wp\/v2\/posts"}],"about":[{"href":"https:\/\/ignacioprocacitto.com.ar\/sitio\/wp-json\/wp\/v2\/types\/post"}],"author":[{"embeddable":true,"href":"https:\/\/ignacioprocacitto.com.ar\/sitio\/wp-json\/wp\/v2\/users\/1"}],"replies":[{"embeddable":true,"href":"https:\/\/ignacioprocacitto.com.ar\/sitio\/wp-json\/wp\/v2\/comments?post=1972"}],"version-history":[{"count":0,"href":"https:\/\/ignacioprocacitto.com.ar\/sitio\/wp-json\/wp\/v2\/posts\/1972\/revisions"}],"wp:featuredmedia":[{"embeddable":true,"href":"https:\/\/ignacioprocacitto.com.ar\/sitio\/wp-json\/wp\/v2\/media\/1954"}],"wp:attachment":[{"href":"https:\/\/ignacioprocacitto.com.ar\/sitio\/wp-json\/wp\/v2\/media?parent=1972"}],"wp:term":[{"taxonomy":"category","embeddable":true,"href":"https:\/\/ignacioprocacitto.com.ar\/sitio\/wp-json\/wp\/v2\/categories?post=1972"},{"taxonomy":"post_tag","embeddable":true,"href":"https:\/\/ignacioprocacitto.com.ar\/sitio\/wp-json\/wp\/v2\/tags?post=1972"}],"curies":[{"name":"wp","href":"https:\/\/api.w.org\/{rel}","templated":true}]}}