{"id":1984,"date":"2019-02-25T01:07:12","date_gmt":"2019-02-25T01:07:12","guid":{"rendered":"http:\/\/www.ignacioprocacitto.com.ar\/sitio\/?p=1984"},"modified":"2019-02-25T01:07:12","modified_gmt":"2019-02-25T01:07:12","slug":"dificil-arranque-de-temporada","status":"publish","type":"post","link":"https:\/\/ignacioprocacitto.com.ar\/sitio\/2019\/02\/25\/dificil-arranque-de-temporada\/","title":{"rendered":"Dif\u00edcil arranque de temporada"},"content":{"rendered":"<p style=\"font-weight: 400;\">Ignacio Procacitto tuvo un duro inicio de a\u00f1o desde el punto de vista deportivo, con su estructura propia en la Clase 2 de Turismo Nacional. El de Las Rosas no pudo clasificar por un accidente y en la serie es donde m\u00e1s remont\u00f3. En la final tuvo que abandonar tras un choque recibido.<!--more--><\/p>\n<p style=\"font-weight: 400;\">El jueves en los ensayos comunitarios se conoci\u00f3 el circuito pero el viernes no se dio el mejor escenario. Un accidente en el primer entrenamiento da\u00f1\u00f3 seriamente el veh\u00edculo y se termin\u00f3 la participaci\u00f3n en la jornada. Luego de grand\u00edsimos trabajos, el equipo no durmi\u00f3 en toda la noche y el s\u00e1bado a media ma\u00f1ana terminaron el Volkswagen Gol Trend para largar la serie en la tarde.<\/p>\n<p style=\"font-weight: 400;\">La bater\u00eda fue con mucha cautela, porque no se sab\u00eda c\u00f3mo hab\u00eda quedado el coche, pero a pesar de ellos gan\u00f3 tres lugares valiosos que lo hicieron partir m\u00e1s adelante en la final. Durante la tarde y noche del s\u00e1bado, se continuaron las labores para encontrar un mejor rendimiento, y tener una final productiva.<\/p>\n<p style=\"font-weight: 400;\">Producto de una excelente largada, Procacitto tuvo un comienzo m\u00e1s que promisorio, estando cuatro puestos por delante. Y lleg\u00f3 a avanzar a\u00fan m\u00e1s, pero a falta de cinco giros un golpe recibido por un contrincante le da\u00f1\u00f3 la trompa y desaline\u00f3 el veh\u00edculo. De ese modo, lamentablemente tuvo que abandonar.<\/p>\n<p style=\"font-weight: 400;\">\u201cTuvimos un buen arranque, ganamos varias posiciones esquivando autos, pero faltando seis giros se me tiraron a pasar y me pegaron en una rueda. Me qued\u00f3 la direcci\u00f3n para cualquier lado y tuve que entrar a boxes. A pesar de todo lo que pas\u00f3, de que el equipo trabaj\u00f3 para reponer el auto del choque, sabemos que tenemos que seguir trabajando en el chasis. Dami\u00e1n Corba realizar\u00e1 otro eje trasero y creemos que vamos a utilizar microgiro. Pero lo m\u00e1s destacable es que tenemos un gran motor y quiero que lo pongan bajo llave para La Pampa, porque anda muy bien\u201d, explic\u00f3 Procacitto.<\/p>\n<p style=\"font-weight: 400;\">La pr\u00f3xima fecha ser\u00e1 el fin de semana del 24 de marzo en Toay, La Pampa.<\/p>\n","protected":false},"excerpt":{"rendered":"<p>Ignacio Procacitto tuvo un duro inicio de a\u00f1o desde el punto de vista deportivo, con su estructura propia en la Clase 2 de Turismo Nacional. El de Las Rosas no pudo clasificar por un accidente y en la serie es donde m\u00e1s remont\u00f3. En la final tuvo que abandonar tras un choque recibido.<\/p>\n","protected":false},"author":1,"featured_media":1986,"comment_status":"closed","ping_status":"closed","sticky":false,"template":"","format":"standard","meta":{"footnotes":""},"categories":[3],"tags":[],"class_list":["post-1984","post","type-post","status-publish","format-standard","has-post-thumbnail","hentry","category-novedades"],"_links":{"self":[{"href":"https:\/\/ignacioprocacitto.com.ar\/sitio\/wp-json\/wp\/v2\/posts\/1984","targetHints":{"allow":["GET"]}}],"collection":[{"href":"https:\/\/ignacioprocacitto.com.ar\/sitio\/wp-json\/wp\/v2\/posts"}],"about":[{"href":"https:\/\/ignacioprocacitto.com.ar\/sitio\/wp-json\/wp\/v2\/types\/post"}],"author":[{"embeddable":true,"href":"https:\/\/ignacioprocacitto.com.ar\/sitio\/wp-json\/wp\/v2\/users\/1"}],"replies":[{"embeddable":true,"href":"https:\/\/ignacioprocacitto.com.ar\/sitio\/wp-json\/wp\/v2\/comments?post=1984"}],"version-history":[{"count":0,"href":"https:\/\/ignacioprocacitto.com.ar\/sitio\/wp-json\/wp\/v2\/posts\/1984\/revisions"}],"wp:featuredmedia":[{"embeddable":true,"href":"https:\/\/ignacioprocacitto.com.ar\/sitio\/wp-json\/wp\/v2\/media\/1986"}],"wp:attachment":[{"href":"https:\/\/ignacioprocacitto.com.ar\/sitio\/wp-json\/wp\/v2\/media?parent=1984"}],"wp:term":[{"taxonomy":"category","embeddable":true,"href":"https:\/\/ignacioprocacitto.com.ar\/sitio\/wp-json\/wp\/v2\/categories?post=1984"},{"taxonomy":"post_tag","embeddable":true,"href":"https:\/\/ignacioprocacitto.com.ar\/sitio\/wp-json\/wp\/v2\/tags?post=1984"}],"curies":[{"name":"wp","href":"https:\/\/api.w.org\/{rel}","templated":true}]}}