{"id":2025,"date":"2019-03-19T15:35:57","date_gmt":"2019-03-19T15:35:57","guid":{"rendered":"http:\/\/www.ignacioprocacitto.com.ar\/sitio\/?p=2025"},"modified":"2019-03-19T15:35:57","modified_gmt":"2019-03-19T15:35:57","slug":"intensos-trabajos-para-estar-en-toay","status":"publish","type":"post","link":"https:\/\/ignacioprocacitto.com.ar\/sitio\/2019\/03\/19\/intensos-trabajos-para-estar-en-toay\/","title":{"rendered":"Intensos trabajos para estar en Toay"},"content":{"rendered":"<p>Ignacio Procacitto estar\u00e1 presente en Toay, La Pampa, en el marco de la segunda fecha del Turismo Nacional Clase 2. Con su Volkswagen Gol Trend, el rosense espera funcionar mucho mejor que en La Pedrera y as\u00ed encontrar un rendimiento satisfactorio para acercarse a los puestos de adelante.<!--more--><\/p>\n<p>El arranque del 2019 no trajo los mejores resultados, pero se pudo completar la final, se sumaron kil\u00f3metros con las modificaciones realizadas en el receso, y en La Pampa esperan mostrarse mucho mejor.<\/p>\n<p>\u201cTenemos todo en orden, se est\u00e1n haciendo las \u00faltimas labores en el auto. Se repar\u00f3 todo el auto, se hicieron modificaciones en el eje, se cambi\u00f3 la cremallera, chaper\u00eda y otros detalles m\u00e1s. Se trabaj\u00f3 bastante\u201d, explic\u00f3 \u2018Nachi\u2019 Procacitto sobre varias de las tareas llevadas a cabo para terminar de afinar la reparaci\u00f3n del choque que se tuvo en la cita pasada.<\/p>\n<p>Por otro lado, asegur\u00f3: \u201cVeremos c\u00f3mo qued\u00f3 el auto porque queremos hacer un buen papel en un trazado como Toay, que creemos que debe ser m\u00e1s favorable para nosotros y luego haremos un mejor an\u00e1lisis de d\u00f3nde estamos parados, porque en La Pedrera no se pudieron tomar muchas referencias\u201d.<\/p>\n<p>En su \u00fanica competencia en Toay, en sus inicios con el Gol, los resultados no fueron los ideales pero fue en pleno comienzo del Procacitto Racing dentro del TN. Ya con m\u00e1s experiencia, se apunta a cosechar puntos valiosos en cada carrera y este fin de semana no ser\u00e1 la excepci\u00f3n.<\/p>\n<p><a href=\"https:\/\/www.ignacioprocacitto.com.ar\/sitio\/wp-content\/uploads\/2019\/03\/Procacitto-fecha-2.jpg\"><img fetchpriority=\"high\" decoding=\"async\" class=\"alignnone size-medium wp-image-2027\" src=\"https:\/\/www.ignacioprocacitto.com.ar\/sitio\/wp-content\/uploads\/2019\/03\/Procacitto-fecha-2-300x300.jpg\" alt=\"\" width=\"300\" height=\"300\" \/><\/a><\/p>\n","protected":false},"excerpt":{"rendered":"<p>Ignacio Procacitto estar\u00e1 presente en Toay, La Pampa, en el marco de la segunda fecha del Turismo Nacional Clase 2. Con su Volkswagen Gol Trend, el rosense espera funcionar mucho mejor que en La Pedrera y as\u00ed encontrar un rendimiento satisfactorio para acercarse a los puestos de adelante.<\/p>\n","protected":false},"author":1,"featured_media":2013,"comment_status":"closed","ping_status":"closed","sticky":false,"template":"","format":"standard","meta":{"footnotes":""},"categories":[3],"tags":[],"class_list":["post-2025","post","type-post","status-publish","format-standard","has-post-thumbnail","hentry","category-novedades"],"_links":{"self":[{"href":"https:\/\/ignacioprocacitto.com.ar\/sitio\/wp-json\/wp\/v2\/posts\/2025","targetHints":{"allow":["GET"]}}],"collection":[{"href":"https:\/\/ignacioprocacitto.com.ar\/sitio\/wp-json\/wp\/v2\/posts"}],"about":[{"href":"https:\/\/ignacioprocacitto.com.ar\/sitio\/wp-json\/wp\/v2\/types\/post"}],"author":[{"embeddable":true,"href":"https:\/\/ignacioprocacitto.com.ar\/sitio\/wp-json\/wp\/v2\/users\/1"}],"replies":[{"embeddable":true,"href":"https:\/\/ignacioprocacitto.com.ar\/sitio\/wp-json\/wp\/v2\/comments?post=2025"}],"version-history":[{"count":0,"href":"https:\/\/ignacioprocacitto.com.ar\/sitio\/wp-json\/wp\/v2\/posts\/2025\/revisions"}],"wp:featuredmedia":[{"embeddable":true,"href":"https:\/\/ignacioprocacitto.com.ar\/sitio\/wp-json\/wp\/v2\/media\/2013"}],"wp:attachment":[{"href":"https:\/\/ignacioprocacitto.com.ar\/sitio\/wp-json\/wp\/v2\/media?parent=2025"}],"wp:term":[{"taxonomy":"category","embeddable":true,"href":"https:\/\/ignacioprocacitto.com.ar\/sitio\/wp-json\/wp\/v2\/categories?post=2025"},{"taxonomy":"post_tag","embeddable":true,"href":"https:\/\/ignacioprocacitto.com.ar\/sitio\/wp-json\/wp\/v2\/tags?post=2025"}],"curies":[{"name":"wp","href":"https:\/\/api.w.org\/{rel}","templated":true}]}}