{"id":2030,"date":"2019-03-25T02:05:59","date_gmt":"2019-03-25T02:05:59","guid":{"rendered":"http:\/\/www.ignacioprocacitto.com.ar\/sitio\/?p=2030"},"modified":"2019-03-25T02:05:59","modified_gmt":"2019-03-25T02:05:59","slug":"lucho-pero-no-alcanzo","status":"publish","type":"post","link":"https:\/\/ignacioprocacitto.com.ar\/sitio\/2019\/03\/25\/lucho-pero-no-alcanzo\/","title":{"rendered":"Luch\u00f3 pero no alcanz\u00f3"},"content":{"rendered":"\n<h3 class=\"wp-block-heading\">Ignacio Procacitto debi\u00f3 abandonar en Toay, luego de no encontrar el funcionamiento deseado en todo el fin de semana<\/h3>\n\n\n\n<!--more-->\n\n\n\n<p>Ignacio Procacitto pen\u00f3 en Toay, La Pampa, y no pudo ver la meta en la segunda fecha de la Clase 2 de Turismo Nacional. Si bien en la final mejor\u00f3 muchas posiciones, el auto fall\u00f3 y debi\u00f3 desertar. La estructura con base en Las Rosas trabaj\u00f3 intensamente pero no se pudo sumar puntos el domingo.<\/p>\n\n\n\n<p>El rosense no pudo tener el fin de semana esperado, pero el funcionamiento en Toay fue claro a la hora de entender inconvenientes que est\u00e1n impidiendo funcionar bien. El trabajo del equipo fue notable para llevar a cabo cambios en el chasis, pero no hubo manera de acusar mejoras significativas. Una p\u00e9rdida de aceite complic\u00f3 los tres d\u00edas de actividad.<\/p>\n\n\n\n<p>Tras quedar trig\u00e9simo en clasificaci\u00f3n, en la serie mejor\u00f3 mucho para llegar 14\u00ba, y en la final aspirar a completar la exigencia y tratar de sumar puntos. Al largarse la competencia principal, \u2018Nachi\u2019 supo hacer una excelente partida y gan\u00f3 una decena de posiciones en pocas vueltas, pero lamentablemente el motor perdi\u00f3 aceite y el impulsor lo oblig\u00f3 a quedarse a pie.<\/p>\n\n\n\n<p>\u201cEstuvimos complicados todo el fin de semana con una p\u00e9rdida en el recuperador de aceite y eso nos hizo perder la puesta a punto del auto. En algunos momentos \u00edbamos de trompa, en otros de cola. Creemos que el chasis lo perdimos por eso, pero tampoco somos r\u00e1pidos a la hora de clasificar y tenemos que seguir trabajando y ver qu\u00e9 pasos seguir junto a Dami\u00e1n Corba para acortar la distancia con la punta\u201d, coment\u00f3 Procacitto tras la final.<\/p>\n\n\n\n<p>Y agreg\u00f3: \u201cNos ilusionamos en las primeras tres vueltas de la final, porque fue cuando anduvo mejor en todo el fin de semana, ganamos muchos puestos. No me sent\u00eda tan a gusto pero andaba l\u00f3gico. Luego empec\u00e9 a ir de cola otra vez y efectivamente era por el aceite, e incluso me hizo hacer un trompo, no pod\u00eda frenar, doblar y se paraba el motor. Por eso deb\u00ed abandonar\u201d.<\/p>\n\n\n\n<p>Finalmente, expres\u00f3: \u201cSe hace un inmenso trabajo en Las Rosas con Luis Hern\u00e1ndez y Marcelo Aquino, que dejan parte de su trabajo para ayudar en el taller y se dedican mucho, son amigos de la familia. Tambi\u00e9n los chicos Luis el chofer, Albano, Lucas, a Cintia que hace bastante al igual que mi viejo que no para de esforzarse para que no falte nada\u201d.<\/p>\n\n\n\n<p>La pr\u00f3xima fecha ser\u00e1 el fin de semana del 21 de abril en Albard\u00f3n, San Juan, visitando por primera vez El Villicum.<\/p>\n","protected":false},"excerpt":{"rendered":"<p>Ignacio Procacitto debi\u00f3 abandonar en Toay, luego de no encontrar el funcionamiento deseado en todo el fin de semana<\/p>\n","protected":false},"author":1,"featured_media":2033,"comment_status":"closed","ping_status":"closed","sticky":false,"template":"","format":"standard","meta":{"footnotes":""},"categories":[3],"tags":[],"class_list":["post-2030","post","type-post","status-publish","format-standard","has-post-thumbnail","hentry","category-novedades"],"_links":{"self":[{"href":"https:\/\/ignacioprocacitto.com.ar\/sitio\/wp-json\/wp\/v2\/posts\/2030","targetHints":{"allow":["GET"]}}],"collection":[{"href":"https:\/\/ignacioprocacitto.com.ar\/sitio\/wp-json\/wp\/v2\/posts"}],"about":[{"href":"https:\/\/ignacioprocacitto.com.ar\/sitio\/wp-json\/wp\/v2\/types\/post"}],"author":[{"embeddable":true,"href":"https:\/\/ignacioprocacitto.com.ar\/sitio\/wp-json\/wp\/v2\/users\/1"}],"replies":[{"embeddable":true,"href":"https:\/\/ignacioprocacitto.com.ar\/sitio\/wp-json\/wp\/v2\/comments?post=2030"}],"version-history":[{"count":0,"href":"https:\/\/ignacioprocacitto.com.ar\/sitio\/wp-json\/wp\/v2\/posts\/2030\/revisions"}],"wp:featuredmedia":[{"embeddable":true,"href":"https:\/\/ignacioprocacitto.com.ar\/sitio\/wp-json\/wp\/v2\/media\/2033"}],"wp:attachment":[{"href":"https:\/\/ignacioprocacitto.com.ar\/sitio\/wp-json\/wp\/v2\/media?parent=2030"}],"wp:term":[{"taxonomy":"category","embeddable":true,"href":"https:\/\/ignacioprocacitto.com.ar\/sitio\/wp-json\/wp\/v2\/categories?post=2030"},{"taxonomy":"post_tag","embeddable":true,"href":"https:\/\/ignacioprocacitto.com.ar\/sitio\/wp-json\/wp\/v2\/tags?post=2030"}],"curies":[{"name":"wp","href":"https:\/\/api.w.org\/{rel}","templated":true}]}}