{"id":2082,"date":"2019-08-24T14:09:47","date_gmt":"2019-08-24T14:09:47","guid":{"rendered":"http:\/\/www.ignacioprocacitto.com.ar\/sitio\/?p=2082"},"modified":"2019-08-24T14:09:47","modified_gmt":"2019-08-24T14:09:47","slug":"probo-y-confirmo-que-vuelve","status":"publish","type":"post","link":"https:\/\/ignacioprocacitto.com.ar\/sitio\/2019\/08\/24\/probo-y-confirmo-que-vuelve\/","title":{"rendered":"Prob\u00f3 y confirm\u00f3 que vuelve"},"content":{"rendered":"\n<p><strong>Ignacio Procacitto gir\u00f3 en San Nicol\u00e1s y defini\u00f3 su retorno a la Clase 2 en la pr\u00f3xima fecha<\/strong><\/p>\n\n\n\n<!--more-->\n\n\n\n<p>El rosense Ignacio Procacitto sali\u00f3 a pista con su Volkswagen Gol Trend,\ncon vistas a regresar al Turismo Nacional Clase 2. Luego de algunas vueltas en\nSan Nicol\u00e1s, se comprob\u00f3 que el chasis mejor\u00f3 luego de unas reformas realizadas\npara tener mejor estabilidad.<\/p>\n\n\n\n<p>Procacitto deseaba enormemente el regreso a las pistas, pero ahora hay\nentusiasmo en poder ser m\u00e1s protagonistas debido a lo positiva de la prueba. La\npr\u00f3xima fecha ser\u00e1 en Las Termas de R\u00edO Hondo, Santiago del Estero, donde\nCristian Bravo se sum\u00f3 al Procacitto Racing como mec\u00e1nico general en el taller,\nmientras que la puesta a punto ser\u00e1 de Sebasti\u00e1n Pr\u00f3speri y Dami\u00e1n Corba.<\/p>\n\n\n\n<p>\u201cEsper\u00e1bamos poder probar antes de confirmar el regreso a las pistas y as\u00ed\nfue. Giramos en San Nicol\u00e1s y funcionamos bien, y por eso confirmamos que\nestaremos en Las Termas de R\u00edo Hondo el fin de semana del 1\u00ba de septiembre\u201d,\nasegur\u00f3 \u2018Nachi\u2019 Procacitto<\/p>\n\n\n\n<p>Y complet\u00f3: \u201cEl ensayo fue l\u00f3gico, y el auto se sinti\u00f3 m\u00e1s c\u00f3modo de lo que\nestaba acostumbrado a manejar. Llegaremos a Termas con muchas expectativas de\nfuncionar bien, pero ya nos veremos d\u00f3nde estamos parados\u201d.<\/p>\n","protected":false},"excerpt":{"rendered":"<p>Ignacio Procacitto gir\u00f3 en San Nicol\u00e1s y defini\u00f3 su retorno a la Clase 2 en la pr\u00f3xima fecha<\/p>\n","protected":false},"author":1,"featured_media":2084,"comment_status":"closed","ping_status":"closed","sticky":false,"template":"","format":"standard","meta":{"footnotes":""},"categories":[3],"tags":[],"class_list":["post-2082","post","type-post","status-publish","format-standard","has-post-thumbnail","hentry","category-novedades"],"_links":{"self":[{"href":"https:\/\/ignacioprocacitto.com.ar\/sitio\/wp-json\/wp\/v2\/posts\/2082","targetHints":{"allow":["GET"]}}],"collection":[{"href":"https:\/\/ignacioprocacitto.com.ar\/sitio\/wp-json\/wp\/v2\/posts"}],"about":[{"href":"https:\/\/ignacioprocacitto.com.ar\/sitio\/wp-json\/wp\/v2\/types\/post"}],"author":[{"embeddable":true,"href":"https:\/\/ignacioprocacitto.com.ar\/sitio\/wp-json\/wp\/v2\/users\/1"}],"replies":[{"embeddable":true,"href":"https:\/\/ignacioprocacitto.com.ar\/sitio\/wp-json\/wp\/v2\/comments?post=2082"}],"version-history":[{"count":0,"href":"https:\/\/ignacioprocacitto.com.ar\/sitio\/wp-json\/wp\/v2\/posts\/2082\/revisions"}],"wp:featuredmedia":[{"embeddable":true,"href":"https:\/\/ignacioprocacitto.com.ar\/sitio\/wp-json\/wp\/v2\/media\/2084"}],"wp:attachment":[{"href":"https:\/\/ignacioprocacitto.com.ar\/sitio\/wp-json\/wp\/v2\/media?parent=2082"}],"wp:term":[{"taxonomy":"category","embeddable":true,"href":"https:\/\/ignacioprocacitto.com.ar\/sitio\/wp-json\/wp\/v2\/categories?post=2082"},{"taxonomy":"post_tag","embeddable":true,"href":"https:\/\/ignacioprocacitto.com.ar\/sitio\/wp-json\/wp\/v2\/tags?post=2082"}],"curies":[{"name":"wp","href":"https:\/\/api.w.org\/{rel}","templated":true}]}}