{"id":2087,"date":"2019-09-24T17:18:46","date_gmt":"2019-09-24T17:18:46","guid":{"rendered":"http:\/\/www.ignacioprocacitto.com.ar\/sitio\/?p=2087"},"modified":"2019-09-24T17:18:46","modified_gmt":"2019-09-24T17:18:46","slug":"intensos-trabajos-previos-a-viedma","status":"publish","type":"post","link":"https:\/\/ignacioprocacitto.com.ar\/sitio\/2019\/09\/24\/intensos-trabajos-previos-a-viedma\/","title":{"rendered":"Intensos trabajos previos a Viedma"},"content":{"rendered":"\n<p><strong>Ignacio Procacitto viajar\u00e1 al aut\u00f3dromo rionegrino con esperanzas de ver buenos frutos en el inmenso esfuerzo<\/strong><\/p>\n\n\n\n<!--more-->\n\n\n\n<p>Luego de volver en Las Termas de R\u00edo Hondo, Ignacio Procacitto llegar\u00e1 a Viedma buscando resultados satisfactorios con su Volkswagen Gol de Turismo Nacional Clase 2. El volante de Las Rosas y su equipo han trabajado mucho para volver a ser competitivos.<\/p>\n\n\n\n<p>El escenario rionegrino ha sido un buen circuito para el Procacitto Racing en el pasado, porque el andar del Gol ha sido muy bueno m\u00e1s all\u00e1 de los resultados en temporadas pasadas. Pero el objetivo no es solamente ser veloces, sino tambi\u00e9n sentar las bases para que el auto tenga continuidad dentro del m\u00e1s alto nivel.<\/p>\n\n\n\n<p>Dentro del taller hubo muchas labores y respecto de ello, Procacitto asegur\u00f3: \u201cHicimos unos cambios para solucionar los problemas de frenos. Se desarm\u00f3 todo y vimos cosas que estaban mal y se cambi\u00f3. Esperamos en Viedma poder girar completamente los dos entrenamientos, algo que no pudimos hacer en Las Termas de R\u00edo Hondo, porque eso nos va a dar mayores posibilidades de trabajo. Esperemos obtener buenos par\u00e1metros para afrontar las \u00faltimas tres fechas, que las tenemos cerca, de la mejor manera\u201d.<\/p>\n\n\n\n<p>Por otro lado, se espera que las modificaciones muestren un mejor rendimiento y que se logre redondear un fin de semana positivo, que motive a encarar las \u00faltimas tres carreras con un mejor nivel general del conjunto. \u201cEn Viedma siempre hemos funcionado relativamente bien, pero cada carrera es un mundo y veremos qu\u00e9 pasa el fin de semana\u201d, asever\u00f3.<\/p>\n\n\n\n<p><strong><em>Cronograma:<br><\/em><\/strong> <strong>Viernes<\/strong>: Entrenamientos (12.30 a 13.40 y 14.30 a 15.40) y 1\u00aa Clasificaci\u00f3n (17 a 17.50)<br> <strong>S\u00e1bado<\/strong>: 2\u00aa Clasificaci\u00f3n (10.50 a 11.40) y Series (15 y 15.30 a 6 vueltas)<br> <strong>Domingo<\/strong>: Final (12.30 a 16 vueltas o 35 minutos)<\/p>\n","protected":false},"excerpt":{"rendered":"<p>Ignacio Procacitto viajar\u00e1 al aut\u00f3dromo rionegrino con esperanzas de ver buenos frutos en el inmenso esfuerzo<\/p>\n","protected":false},"author":1,"featured_media":2089,"comment_status":"closed","ping_status":"closed","sticky":false,"template":"","format":"standard","meta":{"footnotes":""},"categories":[3],"tags":[],"class_list":["post-2087","post","type-post","status-publish","format-standard","has-post-thumbnail","hentry","category-novedades"],"_links":{"self":[{"href":"https:\/\/ignacioprocacitto.com.ar\/sitio\/wp-json\/wp\/v2\/posts\/2087","targetHints":{"allow":["GET"]}}],"collection":[{"href":"https:\/\/ignacioprocacitto.com.ar\/sitio\/wp-json\/wp\/v2\/posts"}],"about":[{"href":"https:\/\/ignacioprocacitto.com.ar\/sitio\/wp-json\/wp\/v2\/types\/post"}],"author":[{"embeddable":true,"href":"https:\/\/ignacioprocacitto.com.ar\/sitio\/wp-json\/wp\/v2\/users\/1"}],"replies":[{"embeddable":true,"href":"https:\/\/ignacioprocacitto.com.ar\/sitio\/wp-json\/wp\/v2\/comments?post=2087"}],"version-history":[{"count":0,"href":"https:\/\/ignacioprocacitto.com.ar\/sitio\/wp-json\/wp\/v2\/posts\/2087\/revisions"}],"wp:featuredmedia":[{"embeddable":true,"href":"https:\/\/ignacioprocacitto.com.ar\/sitio\/wp-json\/wp\/v2\/media\/2089"}],"wp:attachment":[{"href":"https:\/\/ignacioprocacitto.com.ar\/sitio\/wp-json\/wp\/v2\/media?parent=2087"}],"wp:term":[{"taxonomy":"category","embeddable":true,"href":"https:\/\/ignacioprocacitto.com.ar\/sitio\/wp-json\/wp\/v2\/categories?post=2087"},{"taxonomy":"post_tag","embeddable":true,"href":"https:\/\/ignacioprocacitto.com.ar\/sitio\/wp-json\/wp\/v2\/tags?post=2087"}],"curies":[{"name":"wp","href":"https:\/\/api.w.org\/{rel}","templated":true}]}}