{"id":2167,"date":"2019-09-29T19:15:33","date_gmt":"2019-09-29T19:15:33","guid":{"rendered":"http:\/\/www.ignacioprocacitto.com.ar\/sitio\/?p=2167"},"modified":"2019-09-29T19:15:33","modified_gmt":"2019-09-29T19:15:33","slug":"muy-buen-paso-por-viedma","status":"publish","type":"post","link":"https:\/\/ignacioprocacitto.com.ar\/sitio\/2019\/09\/29\/muy-buen-paso-por-viedma\/","title":{"rendered":"Muy buen paso por Viedma"},"content":{"rendered":"\n<p><strong>Ignacio Procacitto result\u00f3 9\u00ba en la novena fecha de la Clase 2, con una gran carrera en lo personal<\/strong><\/p>\n\n\n\n<!--more-->\n\n\n\n<p>Ignacio Procacitto cumpli\u00f3 una\ngran actuaci\u00f3n en Viedma, igualando su mejor resultado hasta el momento en\nTurismo Nacional Clase 2. El rosense fue 9\u00ba en la final de la novena fecha,\npero estuvo consistente entre los mejores durante todo el fin de semana.<\/p>\n\n\n\n<p>Desde el viernes, Procacitto se\nmostr\u00f3 veloz con el Volkswagen Gol Trend alistado en Las Rosas con su equipo\nfamiliar, y dio pelea en las pruebas de clasificaci\u00f3n coloc\u00e1ndose sexto. El\ns\u00e1bado no se pudieron mejorar los tiempos, y de ese modo larg\u00f3 tercero en la\nsegunda serie. Con buenas perspectivas, las cosas all\u00ed es donde no salieron tan\nbien, con un problema de embrague que lo hizo largar mal y cay\u00f3 al sexto lugar.<\/p>\n\n\n\n<p>El domingo en la final, \u2018Nachi\u2019\nsali\u00f3 a avanzar pero sin arriesgar en exceso porque el trazado rionegrino no\nperdonaba equivocaciones serias. Entonces aguant\u00f3 con buen ritmo, pas\u00f3 rivales\ncuando tuvo que hacerlo y lleg\u00f3 noveno, siendo un gran resultado para elevar\nlos \u00e1nimos de todo el equipo.<\/p>\n\n\n\n<p>Ignacio Procacitto, contento por\nel andar del auto n\u00famero 47, expres\u00f3: \u201cLa verdad es que tuvimos un fin de\nsemana muy buenos, redondeamos un buen resultado y en la final estuvimos a\nritmo y c\u00f3modos con el andar del Gol Trend. Fue la mejor versi\u00f3n que manej\u00e9 del\nauto claramente, y ahora se vendr\u00e1 San Jorge que es un circuito con\ncaracter\u00edsticas totalmente diferentes\u201d.<\/p>\n\n\n\n<p>Y complet\u00f3: \u201cLo \u00fanico que no nos\nsali\u00f3 bien fue la largada de la serie, porque el embrague nos qued\u00f3 mal tras\ncambiar la pedalera. Eso lo corregimos para la final y pudimos largar bien y completar\nla carrera sin inconvenientes\u201d.<\/p>\n\n\n\n<p>La pr\u00f3xima fecha ser\u00e1 el fin de\nsemana del 20 de octubre en San Jorge, en el aut\u00f3dromo &#8216;Parque de la\nVelcocidad&#8217;.<\/p>\n","protected":false},"excerpt":{"rendered":"<p>Ignacio Procacitto result\u00f3 9\u00ba en la novena fecha de la Clase 2, con una gran carrera en lo personal<\/p>\n","protected":false},"author":1,"featured_media":2169,"comment_status":"closed","ping_status":"closed","sticky":false,"template":"","format":"standard","meta":{"footnotes":""},"categories":[3],"tags":[],"class_list":["post-2167","post","type-post","status-publish","format-standard","has-post-thumbnail","hentry","category-novedades"],"_links":{"self":[{"href":"https:\/\/ignacioprocacitto.com.ar\/sitio\/wp-json\/wp\/v2\/posts\/2167","targetHints":{"allow":["GET"]}}],"collection":[{"href":"https:\/\/ignacioprocacitto.com.ar\/sitio\/wp-json\/wp\/v2\/posts"}],"about":[{"href":"https:\/\/ignacioprocacitto.com.ar\/sitio\/wp-json\/wp\/v2\/types\/post"}],"author":[{"embeddable":true,"href":"https:\/\/ignacioprocacitto.com.ar\/sitio\/wp-json\/wp\/v2\/users\/1"}],"replies":[{"embeddable":true,"href":"https:\/\/ignacioprocacitto.com.ar\/sitio\/wp-json\/wp\/v2\/comments?post=2167"}],"version-history":[{"count":0,"href":"https:\/\/ignacioprocacitto.com.ar\/sitio\/wp-json\/wp\/v2\/posts\/2167\/revisions"}],"wp:featuredmedia":[{"embeddable":true,"href":"https:\/\/ignacioprocacitto.com.ar\/sitio\/wp-json\/wp\/v2\/media\/2169"}],"wp:attachment":[{"href":"https:\/\/ignacioprocacitto.com.ar\/sitio\/wp-json\/wp\/v2\/media?parent=2167"}],"wp:term":[{"taxonomy":"category","embeddable":true,"href":"https:\/\/ignacioprocacitto.com.ar\/sitio\/wp-json\/wp\/v2\/categories?post=2167"},{"taxonomy":"post_tag","embeddable":true,"href":"https:\/\/ignacioprocacitto.com.ar\/sitio\/wp-json\/wp\/v2\/tags?post=2167"}],"curies":[{"name":"wp","href":"https:\/\/api.w.org\/{rel}","templated":true}]}}