{"id":2285,"date":"2019-11-13T21:14:39","date_gmt":"2019-11-13T21:14:39","guid":{"rendered":"http:\/\/www.ignacioprocacitto.com.ar\/sitio\/?p=2285"},"modified":"2019-11-13T21:14:39","modified_gmt":"2019-11-13T21:14:39","slug":"quiere-hacerse-fuerte-en-rosario","status":"publish","type":"post","link":"https:\/\/ignacioprocacitto.com.ar\/sitio\/2019\/11\/13\/quiere-hacerse-fuerte-en-rosario\/","title":{"rendered":"Quiere hacerse fuerte en Rosario"},"content":{"rendered":"\n<p><strong>Ignacio Procacitto disputar\u00e1 la fecha once del Turismo Nacional Clase 2, con fe en mejorar los resultados con su Gol Trend<\/strong><\/p>\n\n\n\n<!--more-->\n\n\n\n<p>Ignacio Procacitto ya tiene todo\npreparado para correr la ante\u00faltima fecha de la temporada 2019 de Turismo\nNacional, que ser\u00e1 este fin de semana en Rosario. El joven de Las Rosas\npretende volver a los primeros puestos, como en Viedma, pero ahora bien cerca\nde su gente.<\/p>\n\n\n\n<p>Con mucha gente conocida y\ncercana a Rosario, Procacitto ser\u00e1 pr\u00e1cticamente igual de local que como fue en\nSan Jorge, el trazado que m\u00e1s cerca tiene de sus pagos. Pero \u2018Nachi\u2019 no\nsolamente conf\u00eda en tener un enorme apoyo, sino que tambi\u00e9n lo hace con su\nequipo familiar y el Volkswagen Gol Trend n\u00famero 37, que fue probado en San\nNicol\u00e1s y que ahora ser\u00e1 puesto a competir desde este viernes en el aut\u00f3dromo \u2018Juan\nManuel Fangio\u2019.<\/p>\n\n\n\n<p>\u201cLlegamos bien a Rosario a pesar\nde que no nos dej\u00f3 conformes la prueba. Pero encontramos que hab\u00eda una falla en\nuna buj\u00eda de uno de los cilindros del motor y eso nos perjudic\u00f3 todo el\nentrenamiento del mi\u00e9rcoles pasado en San Nicol\u00e1s, y ah\u00ed puede haber cedido un\nrendimiento importante, adem\u00e1s de que no pusimos gomas\u201d, coment\u00f3 Procacitto,\naliviado por haber encontrado el problema del ensayo.<\/p>\n\n\n\n<p>Y agreg\u00f3: \u201cVamos esperanzados de poder revertir lo de la prueba y lo que pas\u00f3 en San Jorge, vamos confiados en hacer un buen papel. Estuve conociendo el circuito en el simulador y se ve que es trabado y muy t\u00e9cnico. Esperemos adaptarnos lo m\u00e1s r\u00e1pido posible\u201d.<\/p>\n\n\n\n<p><\/p>\n\n\n\n<p><strong>Cronograma:<\/strong><\/p>\n\n\n\n<p><strong>Viernes<\/strong>: Entrenamientos (12.30 a 13.40 y 14.30 a 15.40) y 1\u00aa\nClasificaci\u00f3n (17 a 17.50)<\/p>\n\n\n\n<p><strong>S\u00e1bado<\/strong>: 2\u00aa Clasificaci\u00f3n (10.50 a 11.40) y Series (15 y 15.30 a 6\nvueltas)<\/p>\n\n\n\n<p><strong>Domingo<\/strong>: Final (12.30 a 16 vueltas o 35 minutos)<\/p>\n","protected":false},"excerpt":{"rendered":"<p>Ignacio Procacitto disputar\u00e1 la fecha once del Turismo Nacional Clase 2, con fe en mejorar los resultados con su Gol Trend<\/p>\n","protected":false},"author":1,"featured_media":2249,"comment_status":"closed","ping_status":"closed","sticky":false,"template":"","format":"standard","meta":{"footnotes":""},"categories":[3],"tags":[],"class_list":["post-2285","post","type-post","status-publish","format-standard","has-post-thumbnail","hentry","category-novedades"],"_links":{"self":[{"href":"https:\/\/ignacioprocacitto.com.ar\/sitio\/wp-json\/wp\/v2\/posts\/2285","targetHints":{"allow":["GET"]}}],"collection":[{"href":"https:\/\/ignacioprocacitto.com.ar\/sitio\/wp-json\/wp\/v2\/posts"}],"about":[{"href":"https:\/\/ignacioprocacitto.com.ar\/sitio\/wp-json\/wp\/v2\/types\/post"}],"author":[{"embeddable":true,"href":"https:\/\/ignacioprocacitto.com.ar\/sitio\/wp-json\/wp\/v2\/users\/1"}],"replies":[{"embeddable":true,"href":"https:\/\/ignacioprocacitto.com.ar\/sitio\/wp-json\/wp\/v2\/comments?post=2285"}],"version-history":[{"count":0,"href":"https:\/\/ignacioprocacitto.com.ar\/sitio\/wp-json\/wp\/v2\/posts\/2285\/revisions"}],"wp:featuredmedia":[{"embeddable":true,"href":"https:\/\/ignacioprocacitto.com.ar\/sitio\/wp-json\/wp\/v2\/media\/2249"}],"wp:attachment":[{"href":"https:\/\/ignacioprocacitto.com.ar\/sitio\/wp-json\/wp\/v2\/media?parent=2285"}],"wp:term":[{"taxonomy":"category","embeddable":true,"href":"https:\/\/ignacioprocacitto.com.ar\/sitio\/wp-json\/wp\/v2\/categories?post=2285"},{"taxonomy":"post_tag","embeddable":true,"href":"https:\/\/ignacioprocacitto.com.ar\/sitio\/wp-json\/wp\/v2\/tags?post=2285"}],"curies":[{"name":"wp","href":"https:\/\/api.w.org\/{rel}","templated":true}]}}