{"id":2291,"date":"2019-11-20T20:00:19","date_gmt":"2019-11-20T20:00:19","guid":{"rendered":"http:\/\/www.ignacioprocacitto.com.ar\/sitio\/?p=2291"},"modified":"2019-11-20T20:00:19","modified_gmt":"2019-11-20T20:00:19","slug":"no-pudo-sumar-demasiado","status":"publish","type":"post","link":"https:\/\/ignacioprocacitto.com.ar\/sitio\/2019\/11\/20\/no-pudo-sumar-demasiado\/","title":{"rendered":"No pudo sumar demasiado"},"content":{"rendered":"\n<p><strong>Ignacio Procacitto complet\u00f3 la und\u00e9cima fecha sin ser protagonista en Rosario como hubiese querido<\/strong><\/p>\n\n\n\n<!--more-->\n\n\n\n<p>El rosense Ignacio Procacitto\ndisput\u00f3 la pen\u00faltima competencia del a\u00f1o en la Clase 2 de Turismo Nacional, con\nresultados que no son satisfactorios a pesar de llegar y sumar puntos. Con su Volkswagen\nGol Trend pele\u00f3 en todo momento por destacarse pero no fue posible.<\/p>\n\n\n\n<p>Desde el viernes se estuvo\nalejado de la punta y no fue factible recortar demasiado terreno de cara a las\nsiguientes tandas clasificatorias. En la serie fue 11\u00ba, y de ese modo esperaba\navanzar m\u00e1s puestos en la final. Poco pudo hacer, llegando 19\u00ba. Si bien se\ncosecharon unidades, lo importante era ser competitivo, m\u00e1s all\u00e1 de llegar a\nver la bandera a cuadros.<\/p>\n\n\n\n<p>Ahora ser\u00e1 momento de seguir\ntrabajando en el veh\u00edculo para intentar acercarse a los puestos de vanguardia,\nque para ellos e trabaja incesablemente semana a semana en el taller de Las\nRosas. El \u00faltimo compromiso de la temporada ser\u00e1 el fin de semana del 8 de\ndiciembre en San Nicol\u00e1s.<\/p>\n","protected":false},"excerpt":{"rendered":"<p>Ignacio Procacitto complet\u00f3 la und\u00e9cima fecha sin ser protagonista en Rosario como hubiese querido<\/p>\n","protected":false},"author":1,"featured_media":2290,"comment_status":"closed","ping_status":"closed","sticky":false,"template":"","format":"standard","meta":{"footnotes":""},"categories":[3],"tags":[],"class_list":["post-2291","post","type-post","status-publish","format-standard","has-post-thumbnail","hentry","category-novedades"],"_links":{"self":[{"href":"https:\/\/ignacioprocacitto.com.ar\/sitio\/wp-json\/wp\/v2\/posts\/2291","targetHints":{"allow":["GET"]}}],"collection":[{"href":"https:\/\/ignacioprocacitto.com.ar\/sitio\/wp-json\/wp\/v2\/posts"}],"about":[{"href":"https:\/\/ignacioprocacitto.com.ar\/sitio\/wp-json\/wp\/v2\/types\/post"}],"author":[{"embeddable":true,"href":"https:\/\/ignacioprocacitto.com.ar\/sitio\/wp-json\/wp\/v2\/users\/1"}],"replies":[{"embeddable":true,"href":"https:\/\/ignacioprocacitto.com.ar\/sitio\/wp-json\/wp\/v2\/comments?post=2291"}],"version-history":[{"count":0,"href":"https:\/\/ignacioprocacitto.com.ar\/sitio\/wp-json\/wp\/v2\/posts\/2291\/revisions"}],"wp:featuredmedia":[{"embeddable":true,"href":"https:\/\/ignacioprocacitto.com.ar\/sitio\/wp-json\/wp\/v2\/media\/2290"}],"wp:attachment":[{"href":"https:\/\/ignacioprocacitto.com.ar\/sitio\/wp-json\/wp\/v2\/media?parent=2291"}],"wp:term":[{"taxonomy":"category","embeddable":true,"href":"https:\/\/ignacioprocacitto.com.ar\/sitio\/wp-json\/wp\/v2\/categories?post=2291"},{"taxonomy":"post_tag","embeddable":true,"href":"https:\/\/ignacioprocacitto.com.ar\/sitio\/wp-json\/wp\/v2\/tags?post=2291"}],"curies":[{"name":"wp","href":"https:\/\/api.w.org\/{rel}","templated":true}]}}