{"id":2319,"date":"2019-12-04T20:47:54","date_gmt":"2019-12-04T20:47:54","guid":{"rendered":"http:\/\/www.ignacioprocacitto.com.ar\/sitio\/?p=2319"},"modified":"2019-12-04T20:47:54","modified_gmt":"2019-12-04T20:47:54","slug":"encara-la-ultima","status":"publish","type":"post","link":"https:\/\/ignacioprocacitto.com.ar\/sitio\/2019\/12\/04\/encara-la-ultima\/","title":{"rendered":"Encara la \u00faltima"},"content":{"rendered":"\n<p><strong>Ignacio Procacitto correr\u00e1 en San Nicol\u00e1s, en el marco del cierre de a\u00f1o en la Clase 2<\/strong><\/p>\n\n\n\n<!--more-->\n\n\n\n<p>El rosense Ignacio Procacitto ya\ntiene todo listo para disputar la fecha final de la temporada de Turismo\nNacional, en San Nicol\u00e1s. Siendo circuito de pruebas este a\u00f1o, ya conoce la\npista y es un punto a favor ya que para la mayor\u00eda de los pilotos de Clase 2\nser\u00e1 un escenario nuevo.<\/p>\n\n\n\n<p>La categor\u00eda correr\u00e1 por primera\nvez en el aut\u00f3dromo de San Nicol\u00e1s, el m\u00e1s nuevo de la Argentina y que est\u00e1\nbastante cerca de Las Rosas, lo que hace vaya a tener acompa\u00f1amiento como lo ha\ntenido fundamentalmente en San Jorge y tambi\u00e9n en Rosario.<\/p>\n\n\n\n<p>\u201cLuego de un paso no muy bueno\npor Rosario, el equipo estuvo trabajando mucho para entender las razones de\nnuestra falta de protagonismo. Si bien se pudieron obtener algunas\nconclusiones, ser\u00e1n objeto de labores m\u00e1s profundas que se evaluar\u00e1n de cara al\n2020\u201d, coment\u00f3 \u2018Nachi\u2019 Procacitto.<\/p>\n\n\n\n<p>Pero complet\u00f3: \u201cA San Nicol\u00e1s iremos con ilusiones de poder rescatar un buen resultado, con la ayuda de que ha sido nuestro circuito de pruebas y el TN lo visitar\u00e1 por primera vez. No obstante, vamos a ver qu\u00e9 sucede y c\u00f3mo caemos con el Volkswagen Gol Trend, con la meta en llegar y sumar puntos para que el a\u00f1o se concluya del mejor modo posible\u201d.<\/p>\n\n\n\n<p><\/p>\n\n\n\n<p><strong>Cronograma:<\/strong><\/p>\n\n\n\n<p>Viernes: Entrenamientos (12.30 a 13.40 y 14.30 y\n15.40) y 1\u00aa Clasificaci\u00f3n (17 a 17.50)<\/p>\n\n\n\n<p>S\u00e1bado: 2\u00aa Clasificaci\u00f3n (12 a 13.05) y Series (15 y\n15.30 a 6 vueltas)<\/p>\n\n\n\n<p>Domingo: Final (12.10 a 18 vueltas o 35 minutos) <\/p>\n","protected":false},"excerpt":{"rendered":"<p>Ignacio Procacitto correr\u00e1 en San Nicol\u00e1s, en el marco del cierre de a\u00f1o en la Clase 2<\/p>\n","protected":false},"author":1,"featured_media":2304,"comment_status":"closed","ping_status":"closed","sticky":false,"template":"","format":"standard","meta":{"footnotes":""},"categories":[3],"tags":[],"class_list":["post-2319","post","type-post","status-publish","format-standard","has-post-thumbnail","hentry","category-novedades"],"_links":{"self":[{"href":"https:\/\/ignacioprocacitto.com.ar\/sitio\/wp-json\/wp\/v2\/posts\/2319","targetHints":{"allow":["GET"]}}],"collection":[{"href":"https:\/\/ignacioprocacitto.com.ar\/sitio\/wp-json\/wp\/v2\/posts"}],"about":[{"href":"https:\/\/ignacioprocacitto.com.ar\/sitio\/wp-json\/wp\/v2\/types\/post"}],"author":[{"embeddable":true,"href":"https:\/\/ignacioprocacitto.com.ar\/sitio\/wp-json\/wp\/v2\/users\/1"}],"replies":[{"embeddable":true,"href":"https:\/\/ignacioprocacitto.com.ar\/sitio\/wp-json\/wp\/v2\/comments?post=2319"}],"version-history":[{"count":0,"href":"https:\/\/ignacioprocacitto.com.ar\/sitio\/wp-json\/wp\/v2\/posts\/2319\/revisions"}],"wp:featuredmedia":[{"embeddable":true,"href":"https:\/\/ignacioprocacitto.com.ar\/sitio\/wp-json\/wp\/v2\/media\/2304"}],"wp:attachment":[{"href":"https:\/\/ignacioprocacitto.com.ar\/sitio\/wp-json\/wp\/v2\/media?parent=2319"}],"wp:term":[{"taxonomy":"category","embeddable":true,"href":"https:\/\/ignacioprocacitto.com.ar\/sitio\/wp-json\/wp\/v2\/categories?post=2319"},{"taxonomy":"post_tag","embeddable":true,"href":"https:\/\/ignacioprocacitto.com.ar\/sitio\/wp-json\/wp\/v2\/tags?post=2319"}],"curies":[{"name":"wp","href":"https:\/\/api.w.org\/{rel}","templated":true}]}}