{"id":2323,"date":"2019-12-15T20:53:15","date_gmt":"2019-12-15T20:53:15","guid":{"rendered":"http:\/\/www.ignacioprocacitto.com.ar\/sitio\/?p=2323"},"modified":"2019-12-15T20:53:15","modified_gmt":"2019-12-15T20:53:15","slug":"llego-en-la-ultima","status":"publish","type":"post","link":"https:\/\/ignacioprocacitto.com.ar\/sitio\/2019\/12\/15\/llego-en-la-ultima\/","title":{"rendered":"Lleg\u00f3 en la \u00faltima"},"content":{"rendered":"\n<p><strong>Ignacio Procacitto termin\u00f3 el calendario 2019 de Clase 2 viendo la bandera a cuadros en San Nicol\u00e1s<\/strong><\/p>\n\n\n\n<!--more-->\n\n\n\n<p>Ignacio Procacitto cerr\u00f3 la temporada 2019 de Turismo\nNacional Clase 2 con un puesto 17 en San Nicol\u00e1s. Arrancando complicados, se\nmejor\u00f3 de a poco pero los resultados no fueron los mejores, y por eso ya se\npiensa en c\u00f3mo prepararse para el 2020.<\/p>\n\n\n\n<p>Estando relegados en entrenamientos por un problema en el\nmotor, cuando todo se recuper\u00f3 faltaba girar un poco m\u00e1s, y en clasificaci\u00f3n\nqued\u00f3 alejado de los primeros puestos. Para colmo, la poca diferencia entre los\npilotos en este trazado hizo que sea una carrera verdaderamente dif\u00edcil. En la\nserie lleg\u00f3 10\u00ba, y eso le permiti\u00f3 largar un poco m\u00e1s adelante.<\/p>\n\n\n\n<p>Pero la final no fue del todo productiva, exceptuando los\nprimeros giros, que al igual que en la bater\u00eda, fueron claves para ganar\nposiciones. \u2018Nachi\u2019 estaba esperanzado en poder llegar entre los mejores diez,\npero se perdi\u00f3 ritmo y lleg\u00f3 17\u00ba, completando un a\u00f1o que no fue del todo bueno,\nm\u00e1s all\u00e1 de que corri\u00f3 una parte del certamen y no su totalidad. <\/p>\n\n\n\n<p>\u201cArrancamos bien en las primeras vueltas de la final pero\nluego no pudimos seguir con el ritmo, tuvimos problemas de estabilidad, con la\ntrompa y con la cola, y no pod\u00edamos acelerar. Lo importante es que terminamos\u201d,\ncoment\u00f3 Procacitto.<\/p>\n\n\n\n<p>Ahora llegar\u00e1n tiempos de an\u00e1lisis y decisiones para la\ntemporada venidera, y al respecto asegur\u00f3: \u201cPara encarar el 2020 pensamos en\narmar un auto nuevo, y podemos anunciar que el Gol Trend lo tenemos a la venta.\nEstamos muy agradecidos a todos los chicos del equipo y los sponsors por el\napoyo este a\u00f1o\u201d.<\/p>\n","protected":false},"excerpt":{"rendered":"<p>Ignacio Procacitto termin\u00f3 el calendario 2019 de Clase 2 viendo la bandera a cuadros en San Nicol\u00e1s<\/p>\n","protected":false},"author":1,"featured_media":2325,"comment_status":"closed","ping_status":"closed","sticky":false,"template":"","format":"standard","meta":{"footnotes":""},"categories":[3],"tags":[],"class_list":["post-2323","post","type-post","status-publish","format-standard","has-post-thumbnail","hentry","category-novedades"],"_links":{"self":[{"href":"https:\/\/ignacioprocacitto.com.ar\/sitio\/wp-json\/wp\/v2\/posts\/2323","targetHints":{"allow":["GET"]}}],"collection":[{"href":"https:\/\/ignacioprocacitto.com.ar\/sitio\/wp-json\/wp\/v2\/posts"}],"about":[{"href":"https:\/\/ignacioprocacitto.com.ar\/sitio\/wp-json\/wp\/v2\/types\/post"}],"author":[{"embeddable":true,"href":"https:\/\/ignacioprocacitto.com.ar\/sitio\/wp-json\/wp\/v2\/users\/1"}],"replies":[{"embeddable":true,"href":"https:\/\/ignacioprocacitto.com.ar\/sitio\/wp-json\/wp\/v2\/comments?post=2323"}],"version-history":[{"count":0,"href":"https:\/\/ignacioprocacitto.com.ar\/sitio\/wp-json\/wp\/v2\/posts\/2323\/revisions"}],"wp:featuredmedia":[{"embeddable":true,"href":"https:\/\/ignacioprocacitto.com.ar\/sitio\/wp-json\/wp\/v2\/media\/2325"}],"wp:attachment":[{"href":"https:\/\/ignacioprocacitto.com.ar\/sitio\/wp-json\/wp\/v2\/media?parent=2323"}],"wp:term":[{"taxonomy":"category","embeddable":true,"href":"https:\/\/ignacioprocacitto.com.ar\/sitio\/wp-json\/wp\/v2\/categories?post=2323"},{"taxonomy":"post_tag","embeddable":true,"href":"https:\/\/ignacioprocacitto.com.ar\/sitio\/wp-json\/wp\/v2\/tags?post=2323"}],"curies":[{"name":"wp","href":"https:\/\/api.w.org\/{rel}","templated":true}]}}