{"id":2347,"date":"2020-02-10T23:35:48","date_gmt":"2020-02-10T23:35:48","guid":{"rendered":"http:\/\/www.ignacioprocacitto.com.ar\/sitio\/?p=2347"},"modified":"2020-02-10T23:35:48","modified_gmt":"2020-02-10T23:35:48","slug":"buena-prueba-en-parana","status":"publish","type":"post","link":"https:\/\/ignacioprocacitto.com.ar\/sitio\/2020\/02\/10\/buena-prueba-en-parana\/","title":{"rendered":"Buena prueba en Paran\u00e1"},"content":{"rendered":"\n<p><strong>Ignacio Procacitto estuvo girando ese lunes en el escenario entrerriano, poni\u00e9ndose a punto para iniciar el a\u00f1o.<\/strong><\/p>\n\n\n\n<!--more-->\n\n\n\n<p>Bah\u00eda Blanca ser\u00e1 la sede de la\nprimera fecha e Ignacio Procacitto llegar\u00e1 con buenas perspectivas luego de\nimportantes trabajos en el verano. Dichas labores a cargo de Gonzalo Ceballos\nen el chasis se fueron a analizar al aut\u00f3dromo de Paran\u00e1 este lunes con buenos\nresultados.<\/p>\n\n\n\n<p>Arrancando antes del mediod\u00eda,\nProcacitto estuvo girando hasta las 18, con m\u00faltiples variables en la puesta a\npunto y an\u00e1lisis de datos, c\u00e1maras a bordo y dem\u00e1s. El balance sacado por el\nProcacitto Racing es positivo y ahora quedar\u00e1 volver a Las Rosas a dejar el\nVolkswagen Gol Trend en impecables condiciones.<\/p>\n\n\n\n<p>\u201cArrancamos conociendo la nueva\nposici\u00f3n de manejo, conociendo c\u00f3mo hab\u00eda quedado el auto y luego empezamos a\nbatir tiempos con gomas bastante usadas y posteriormente tocamos el auto,\nhaciendo bastantes modificaciones, m\u00e1s que todo en suspensi\u00f3n, y terminamos con\nun tiempo relativamente l\u00f3gico\u201d, coment\u00f3 \u2018Nachi\u2019.<\/p>\n\n\n\n<p>Y complet\u00f3: \u201cComparado a c\u00f3mo\nestaba antes, ahora pudimos ver que cada cambio lo acusaba bastante bien y el\nandar del Gol Trend me hace andar mejor a m\u00ed. Esperemos que se siga comportando\nas\u00ed porque fue bueno realmente lo de hoy\u201d.<\/p>\n\n\n\n<p>La fecha de apertura ser\u00e1 el fin\nde semana del 23 de febrero en la reinauguraci\u00f3n del aut\u00f3dromo de Bah\u00eda Blanca,\nal sur de la provincia de Buenos Aires.<\/p>\n","protected":false},"excerpt":{"rendered":"<p>Ignacio Procacitto estuvo girando ese lunes en el escenario entrerriano, poni\u00e9ndose a punto para iniciar el a\u00f1o.<\/p>\n","protected":false},"author":1,"featured_media":2349,"comment_status":"closed","ping_status":"closed","sticky":false,"template":"","format":"standard","meta":{"footnotes":""},"categories":[3],"tags":[],"class_list":["post-2347","post","type-post","status-publish","format-standard","has-post-thumbnail","hentry","category-novedades"],"_links":{"self":[{"href":"https:\/\/ignacioprocacitto.com.ar\/sitio\/wp-json\/wp\/v2\/posts\/2347","targetHints":{"allow":["GET"]}}],"collection":[{"href":"https:\/\/ignacioprocacitto.com.ar\/sitio\/wp-json\/wp\/v2\/posts"}],"about":[{"href":"https:\/\/ignacioprocacitto.com.ar\/sitio\/wp-json\/wp\/v2\/types\/post"}],"author":[{"embeddable":true,"href":"https:\/\/ignacioprocacitto.com.ar\/sitio\/wp-json\/wp\/v2\/users\/1"}],"replies":[{"embeddable":true,"href":"https:\/\/ignacioprocacitto.com.ar\/sitio\/wp-json\/wp\/v2\/comments?post=2347"}],"version-history":[{"count":0,"href":"https:\/\/ignacioprocacitto.com.ar\/sitio\/wp-json\/wp\/v2\/posts\/2347\/revisions"}],"wp:featuredmedia":[{"embeddable":true,"href":"https:\/\/ignacioprocacitto.com.ar\/sitio\/wp-json\/wp\/v2\/media\/2349"}],"wp:attachment":[{"href":"https:\/\/ignacioprocacitto.com.ar\/sitio\/wp-json\/wp\/v2\/media?parent=2347"}],"wp:term":[{"taxonomy":"category","embeddable":true,"href":"https:\/\/ignacioprocacitto.com.ar\/sitio\/wp-json\/wp\/v2\/categories?post=2347"},{"taxonomy":"post_tag","embeddable":true,"href":"https:\/\/ignacioprocacitto.com.ar\/sitio\/wp-json\/wp\/v2\/tags?post=2347"}],"curies":[{"name":"wp","href":"https:\/\/api.w.org\/{rel}","templated":true}]}}