{"id":2352,"date":"2020-02-23T22:00:26","date_gmt":"2020-02-23T22:00:26","guid":{"rendered":"http:\/\/www.ignacioprocacitto.com.ar\/sitio\/?p=2352"},"modified":"2020-02-23T22:00:26","modified_gmt":"2020-02-23T22:00:26","slug":"primer-podio-en-turismo-nacional","status":"publish","type":"post","link":"https:\/\/ignacioprocacitto.com.ar\/sitio\/2020\/02\/23\/primer-podio-en-turismo-nacional\/","title":{"rendered":"Primer podio en Turismo Nacional"},"content":{"rendered":"\n<p><strong>Ignacio Procacitto fue tercero en una emotiva carrera de Clase 2 disputada en Bah\u00eda Blanca<\/strong><\/p>\n\n\n\n<p>Ignacio Procacitto pudo tener un\ngran fin de semana de inicio de temporada en la Clase 2 de Turismo Nacional,\ncon el equipo propio de Las Rosas. Las incansables labores del verano rindieron\nsus frutos en el Volkswagen Gol Trend y se pudo terminar en la tercera\ncolocaci\u00f3n, valiendo el primer podio a nivel nacional.<\/p>\n\n\n\n<p>Despu\u00e9s de las pruebas\nextraoficiales del jueves, en el Procacitto Racing hubo alivio porque el\nesfuerzo de todo el equipo fue important\u00edsimo durante el verano para recuperar\nprotagonismo en la Clase 2 del TN. Con Gonzalo Ceballos dirigiendo la faz\nt\u00e9cnica y los motores de los hermanos Riva pudieron hacer que el equipo rosense\nse destaque, y el viernes en la primera clasificaci\u00f3n haber quedado sexto fue\nimportante.<\/p>\n\n\n\n<p>El s\u00e1bado sigui\u00f3 en sinton\u00eda, si\nbien en la clasificaci\u00f3n general qued\u00f3 und\u00e9cimo, en la serie una buena largada\nle permiti\u00f3 ponerse segundo, y cuando peleaba por el triunfo se vio superado\npor Nicol\u00e1s Posco, en una maniobra \u00e1spera que le desaline\u00f3 el Gol Trend. As\u00ed y\ntodo result\u00f3 tercero en pista, segundo por recargo a su rival. <\/p>\n\n\n\n<p>Partiendo sexto en la carrera\nfinal, \u2018Nachi\u2019 corri\u00f3 preocupado porque una pata de motor se encontr\u00f3 rota en\nla previa a la largada, y se arregl\u00f3 como pudo antes de partir, y sin saber si\niba a poder llegar, pele\u00f3 con todo. Una buena largada lo dej\u00f3 cuarto y poco a\npoco fue por el podio. Una sanci\u00f3n al primero del pelot\u00f3n le hizo pasar al\ntercer puesto y nunca m\u00e1s lo dej\u00f3, para cumplir las duras veinte vueltas de la\nmejor manera, viendo la bandera a cuadros y el trofeo que lo esper\u00f3 en el\npodio.<\/p>\n\n\n\n<p>\u201cPor fin se nos dio el podio,\nlaburamos desde el jueves pensando en andar bien, pero bueno se nos rompi\u00f3 la\nsonda lambda y no pudimos girar mucho y el auto apareci\u00f3 en clasificaci\u00f3n. La\nserie nos dio los par\u00e1metros de que pod\u00edamos tener una buena final, pero\napareci\u00f3 lo del taco del motor roto en la previa, y se puso un poco de alambre\npara ver si aguantaba las veinte vueltas. Por suerte aguant\u00f3, pero ven\u00eda\ngolpeando muy fuerte\u201d, coment\u00f3 muy emocionado el piloto de Las Rosas. <\/p>\n\n\n\n<p>Y complet\u00f3: \u201cNo dejamos de\nagradecer nunca el esfuerzo de cada uno de los que lograron este auto\nincre\u00edble, a mi familia, mi pap\u00e1, mi mam\u00e1, mis hermanos Cintia y Leonel, son un\npilar fundamental. Tambi\u00e9n a Gonzalo Ceballos, Gustavo Ianni, los hermanos\nRiva, Marcelo Aquino, Luis Hern\u00e1ndez, Ezequiel Sona, Ariel Scarpecio, Luis\nRivero, Juan Glardon, Diego Schibli, Jerem\u00edas Glardon, Pancho Fontana, Maxi\nFontana, Ezequiel Virgilio, Javier Bereta y Choch\u00f3n, todos ellos son parte de\nesto. Tambi\u00e9n agradezco a los sponsors Maizco, Favero, Nifel, Agroservicios El\nCardo, Agrolabores Don Enrique, Procacitto SRL, SCR, MAB, YPF La Exelencia y\nSeguromental\u201d.<\/p>\n\n\n\n<p>La pr\u00f3xima fecha ser\u00e1 el fin de semana del 15 de marzo en el\ntrazado semipermanente del Parque La Pedrera, en la ciudad puntana de Villa\nMercedes.<\/p>\n","protected":false},"excerpt":{"rendered":"<p>Ignacio Procacitto fue tercero en una emotiva carrera de Clase 2 disputada en Bah\u00eda Blanca Ignacio Procacitto pudo tener un gran fin de semana de inicio de temporada en la Clase 2 de Turismo Nacional, con el equipo propio de Las Rosas. Las incansables labores del verano rindieron sus frutos en el Volkswagen Gol Trend [&hellip;]<\/p>\n","protected":false},"author":1,"featured_media":0,"comment_status":"closed","ping_status":"closed","sticky":false,"template":"","format":"standard","meta":{"footnotes":""},"categories":[3],"tags":[],"class_list":["post-2352","post","type-post","status-publish","format-standard","hentry","category-novedades"],"_links":{"self":[{"href":"https:\/\/ignacioprocacitto.com.ar\/sitio\/wp-json\/wp\/v2\/posts\/2352","targetHints":{"allow":["GET"]}}],"collection":[{"href":"https:\/\/ignacioprocacitto.com.ar\/sitio\/wp-json\/wp\/v2\/posts"}],"about":[{"href":"https:\/\/ignacioprocacitto.com.ar\/sitio\/wp-json\/wp\/v2\/types\/post"}],"author":[{"embeddable":true,"href":"https:\/\/ignacioprocacitto.com.ar\/sitio\/wp-json\/wp\/v2\/users\/1"}],"replies":[{"embeddable":true,"href":"https:\/\/ignacioprocacitto.com.ar\/sitio\/wp-json\/wp\/v2\/comments?post=2352"}],"version-history":[{"count":0,"href":"https:\/\/ignacioprocacitto.com.ar\/sitio\/wp-json\/wp\/v2\/posts\/2352\/revisions"}],"wp:attachment":[{"href":"https:\/\/ignacioprocacitto.com.ar\/sitio\/wp-json\/wp\/v2\/media?parent=2352"}],"wp:term":[{"taxonomy":"category","embeddable":true,"href":"https:\/\/ignacioprocacitto.com.ar\/sitio\/wp-json\/wp\/v2\/categories?post=2352"},{"taxonomy":"post_tag","embeddable":true,"href":"https:\/\/ignacioprocacitto.com.ar\/sitio\/wp-json\/wp\/v2\/tags?post=2352"}],"curies":[{"name":"wp","href":"https:\/\/api.w.org\/{rel}","templated":true}]}}