{"id":2361,"date":"2020-03-15T22:21:43","date_gmt":"2020-03-15T22:21:43","guid":{"rendered":"http:\/\/www.ignacioprocacitto.com.ar\/sitio\/?p=2361"},"modified":"2020-03-15T22:21:43","modified_gmt":"2020-03-15T22:21:43","slug":"sumo-firme-otra-vez","status":"publish","type":"post","link":"https:\/\/ignacioprocacitto.com.ar\/sitio\/2020\/03\/15\/sumo-firme-otra-vez\/","title":{"rendered":"Sum\u00f3 firme otra vez"},"content":{"rendered":"\n<p><strong>Ignacio Procacitto fue 8\u00ba en La Pedrera, trazado complicado donde supo avanzar<\/strong><\/p>\n\n\n\n<p>Ignacio Procacitto cerr\u00f3 la\nsegunda fecha del Turismo Nacional Clase 2 con otro buen resultado que sirve\npara sumar fuerte en el campeonato. El rosense termin\u00f3 octavo a pesar de que\nlarg\u00f3 15\u00ba en un circuito callejero y muy complicado.<\/p>\n\n\n\n<p>Fue un fin de semana que arranc\u00f3\nde menor a mayor, porque se debieron superar algunos inconvenientes en\nentrenamientos, para despu\u00e9s mejorar en clasificaci\u00f3n con una cierta desventaja\npor poder probar menos que sus rivales. As\u00ed y todo pudo clasificar 20\u00ba el\nviernes, y el s\u00e1bado en la segunda tanda mejor\u00f3 y qued\u00f3 19\u00ba.<\/p>\n\n\n\n<p>Por la tarde fue turno de\ndisputar la serie, donde el rendimiento fue muy bueno y avanz\u00f3 para terminar\noctavo, y eso le posibilit\u00f3 largar 15\u00ba la competencia principal al d\u00eda\nsiguiente. Se trabaj\u00f3 mucho porque el auto qued\u00f3 sentido por un golpe, y hasta\naltas horas de la madrugada el equipo se puso la adversidad al hombro en pos de\nun gran domingo.<\/p>\n\n\n\n<p>La final fue progresiva, porque\nal principio perdi\u00f3 algunos lugares pero tuvo un final espectacular. Primero\nsuper\u00f3 a Christian Bodratto Mionetto y despu\u00e9s aprovech\u00f3 algunos incidentes\npara terminar octavo en pista, sumando muy buenos puntos.<\/p>\n\n\n\n<p>\u201cArrancamos complicados el\nviernes y nos cost\u00f3 hasta el s\u00e1bado poder conocer las tendencias que ten\u00eda as\u00ed\nque bueno, para clasificar fue lo que ten\u00edamos e hicimos cambios para la serie,\nque no quedaron del todo bien. Para la final mejoramos pero me equivoqu\u00e9 yo en\navisar que tengamos un poco m\u00e1s la cola del auto para las \u00faltima vueltas,\nporque la verdad se puso complicado, y a pesar de que Gonzalo Ceballos me lo\navis\u00f3, yo decid\u00ed no modificar eso\u201d, revel\u00f3 el rosense, quien pudo revertir un\npanorama adverso del viernes, con un domingo esperanzador.<\/p>\n\n\n\n<p>Y agreg\u00f3: \u201cTen\u00edamos buen ritmo y\nel auto de seguridad nos ayud\u00f3 bastante porque enfriamos el auto y salimos a\natacar, ganando tres posiciones en los \u00faltimos dos giros. Lo importante es ser\ncompetitivo y el octavo puesto me deja contento. Adem\u00e1s la otra vez que\ncorrimos ac\u00e1 no pod\u00edamos salir del puesto 30, 32, y ahora si bien no\nclasificamos bien, el ritmo de carrera y midi\u00e9ndonos con el resto est\u00e1bamos\nbien. Nos llevamos mucha informaci\u00f3n para seguir aprendiendo, y trabajar duro\u201d.<\/p>\n\n\n\n<p>Finalmente, Procacitto manifest\u00f3:\n\u201cAhora esperaremos a ver cu\u00e1ndo se retoma la actividad e iremos con todo a la\ncarrera donde se haga. Agradezco a toda mi familia, a cada uno de los\nintegrantes del Procacitto Racing, Gonzalo Ceballos, Gustavo Ianni, los\nhermanos Riva, a todos los sponsors, a la gente de Las Rosas que hacen a este\nequipo y aportan su granito de arena para que estemos en pista. Ojal\u00e1 podamos\nseguir con los buenos resultados y continuar sumando fuerte en la pr\u00f3xima\u201d.<\/p>\n\n\n\n<p>El virus pand\u00e9mico Coronavirus\nCovid-19 puso en jaque a toda la actividad automovil\u00edstica y si bien la pr\u00f3xima\ncompetencia iba a ser el 19 de abril en Albard\u00f3n, San Juan, est\u00e1 descartada y\nse esperan novedades por este asunto de fuerza mayor.<\/p>\n","protected":false},"excerpt":{"rendered":"<p>Ignacio Procacitto fue 8\u00ba en La Pedrera, trazado complicado donde supo avanzar Ignacio Procacitto cerr\u00f3 la segunda fecha del Turismo Nacional Clase 2 con otro buen resultado que sirve para sumar fuerte en el campeonato. El rosense termin\u00f3 octavo a pesar de que larg\u00f3 15\u00ba en un circuito callejero y muy complicado. Fue un fin [&hellip;]<\/p>\n","protected":false},"author":1,"featured_media":2358,"comment_status":"closed","ping_status":"closed","sticky":false,"template":"","format":"standard","meta":{"footnotes":""},"categories":[3],"tags":[],"class_list":["post-2361","post","type-post","status-publish","format-standard","has-post-thumbnail","hentry","category-novedades"],"_links":{"self":[{"href":"https:\/\/ignacioprocacitto.com.ar\/sitio\/wp-json\/wp\/v2\/posts\/2361","targetHints":{"allow":["GET"]}}],"collection":[{"href":"https:\/\/ignacioprocacitto.com.ar\/sitio\/wp-json\/wp\/v2\/posts"}],"about":[{"href":"https:\/\/ignacioprocacitto.com.ar\/sitio\/wp-json\/wp\/v2\/types\/post"}],"author":[{"embeddable":true,"href":"https:\/\/ignacioprocacitto.com.ar\/sitio\/wp-json\/wp\/v2\/users\/1"}],"replies":[{"embeddable":true,"href":"https:\/\/ignacioprocacitto.com.ar\/sitio\/wp-json\/wp\/v2\/comments?post=2361"}],"version-history":[{"count":0,"href":"https:\/\/ignacioprocacitto.com.ar\/sitio\/wp-json\/wp\/v2\/posts\/2361\/revisions"}],"wp:featuredmedia":[{"embeddable":true,"href":"https:\/\/ignacioprocacitto.com.ar\/sitio\/wp-json\/wp\/v2\/media\/2358"}],"wp:attachment":[{"href":"https:\/\/ignacioprocacitto.com.ar\/sitio\/wp-json\/wp\/v2\/media?parent=2361"}],"wp:term":[{"taxonomy":"category","embeddable":true,"href":"https:\/\/ignacioprocacitto.com.ar\/sitio\/wp-json\/wp\/v2\/categories?post=2361"},{"taxonomy":"post_tag","embeddable":true,"href":"https:\/\/ignacioprocacitto.com.ar\/sitio\/wp-json\/wp\/v2\/tags?post=2361"}],"curies":[{"name":"wp","href":"https:\/\/api.w.org\/{rel}","templated":true}]}}