{"id":2364,"date":"2020-09-24T22:22:43","date_gmt":"2020-09-24T22:22:43","guid":{"rendered":"http:\/\/www.ignacioprocacitto.com.ar\/sitio\/?p=2364"},"modified":"2020-09-24T22:22:43","modified_gmt":"2020-09-24T22:22:43","slug":"positivo-ensayo-en-san-nicolas","status":"publish","type":"post","link":"https:\/\/ignacioprocacitto.com.ar\/sitio\/2020\/09\/24\/positivo-ensayo-en-san-nicolas\/","title":{"rendered":"Positivo ensayo en San Nicol\u00e1s"},"content":{"rendered":"\n<p><strong>Ignacio Procacitto gir\u00f3 con su Volkswagen Gol Trend, esperando por el retorno a la actividad formal en la Clase 2<\/strong><\/p>\n\n\n\n<p>El rosense Ignacio Procacitto volvi\u00f3 a las pistas, para un\nensayo con su Volkswagen Gol Trend de Turismo Nacional Clase 2, con el cual es\nprotagonista del campeonato 2020. El aut\u00f3dromo de San Nicol\u00e1s fue el escenario\nelegido donde con el equipo propio y la asistencia t\u00e9cnica de Gonzalo Ceballos,\nse pudo hacer un buen registro.<\/p>\n\n\n\n<p>La jornada no fue desgastante para el auto porque\nr\u00e1pidamente se encontraron con un funcionamiento l\u00f3gico, algo que el equipo\neste a\u00f1o ha demostrado fundamentalmente en la apertura de campeonato en Bah\u00eda\nBlanca, obteniendo el tercer lugar en el podio. Tras la segunda fecha, en La\nPedrera, el representante de Las Rosas qued\u00f3 quinto en el campeonato y las\nesperanzas de tener continuidad en ese nivel son altas.<\/p>\n\n\n\n<p>\u201cTerminamos una prueba donde marcamos 1m38s2 en 15 vueltas,\ny cuando iba a dar una vuelta r\u00e1pida con el mejor juego de gomas, pise un\npiano, me despist\u00e9 y decidimos finalizar la prueba. El rendimiento fue similar\nal de otros autos que giraron en simult\u00e1neo y nos deja conformes de cara a la\nposible continuidad del campeonato\u201d, manifest\u00f3 Procacitto, sabiendo que en los\nrelojes incluso hab\u00eda para redondear un mejor registro.<\/p>\n\n\n\n<p>Por otro lado, complet\u00f3: \u201cNo tocamos mucho el auto porque el\nauto funcion\u00f3 estable y fue bueno probar que los frenos est\u00e9n bien, los elementos\ndel veh\u00edculo tambi\u00e9n y solamente tocamos un poco la alineaci\u00f3n. Adem\u00e1s, sirvi\u00f3\npara estar en movimiento en lo personal, por eso fue una prueba muy\nproductiva\u201d.<\/p>\n\n\n\n<p>Turismo Nacional tiene previsto retomar el calendario el fin\nde semana del 17 y 18 de octubre en circuito a designar, con fecha doble.<\/p>\n","protected":false},"excerpt":{"rendered":"<p>Ignacio Procacitto gir\u00f3 con su Volkswagen Gol Trend, esperando por el retorno a la actividad formal en la Clase 2 El rosense Ignacio Procacitto volvi\u00f3 a las pistas, para un ensayo con su Volkswagen Gol Trend de Turismo Nacional Clase 2, con el cual es protagonista del campeonato 2020. El aut\u00f3dromo de San Nicol\u00e1s fue [&hellip;]<\/p>\n","protected":false},"author":1,"featured_media":2366,"comment_status":"closed","ping_status":"closed","sticky":false,"template":"","format":"standard","meta":{"footnotes":""},"categories":[3],"tags":[],"class_list":["post-2364","post","type-post","status-publish","format-standard","has-post-thumbnail","hentry","category-novedades"],"_links":{"self":[{"href":"https:\/\/ignacioprocacitto.com.ar\/sitio\/wp-json\/wp\/v2\/posts\/2364","targetHints":{"allow":["GET"]}}],"collection":[{"href":"https:\/\/ignacioprocacitto.com.ar\/sitio\/wp-json\/wp\/v2\/posts"}],"about":[{"href":"https:\/\/ignacioprocacitto.com.ar\/sitio\/wp-json\/wp\/v2\/types\/post"}],"author":[{"embeddable":true,"href":"https:\/\/ignacioprocacitto.com.ar\/sitio\/wp-json\/wp\/v2\/users\/1"}],"replies":[{"embeddable":true,"href":"https:\/\/ignacioprocacitto.com.ar\/sitio\/wp-json\/wp\/v2\/comments?post=2364"}],"version-history":[{"count":0,"href":"https:\/\/ignacioprocacitto.com.ar\/sitio\/wp-json\/wp\/v2\/posts\/2364\/revisions"}],"wp:featuredmedia":[{"embeddable":true,"href":"https:\/\/ignacioprocacitto.com.ar\/sitio\/wp-json\/wp\/v2\/media\/2366"}],"wp:attachment":[{"href":"https:\/\/ignacioprocacitto.com.ar\/sitio\/wp-json\/wp\/v2\/media?parent=2364"}],"wp:term":[{"taxonomy":"category","embeddable":true,"href":"https:\/\/ignacioprocacitto.com.ar\/sitio\/wp-json\/wp\/v2\/categories?post=2364"},{"taxonomy":"post_tag","embeddable":true,"href":"https:\/\/ignacioprocacitto.com.ar\/sitio\/wp-json\/wp\/v2\/tags?post=2364"}],"curies":[{"name":"wp","href":"https:\/\/api.w.org\/{rel}","templated":true}]}}