{"id":2369,"date":"2020-10-22T14:17:45","date_gmt":"2020-10-22T14:17:45","guid":{"rendered":"http:\/\/www.ignacioprocacitto.com.ar\/sitio\/?p=2369"},"modified":"2020-10-22T14:17:45","modified_gmt":"2020-10-22T14:17:45","slug":"ignacio-procacitto-listo-para-volver","status":"publish","type":"post","link":"https:\/\/ignacioprocacitto.com.ar\/sitio\/2020\/10\/22\/ignacio-procacitto-listo-para-volver\/","title":{"rendered":"Ignacio Procacitto, listo para volver"},"content":{"rendered":"\n<p><strong><em>El rosense ya tiene listo el Volkswagen Gol Trend para llevar a cabo las fechas 3 y 4 de la temporada de Clase 2<\/em><\/strong><\/p>\n\n\n\n<p>Regresa el Turismo Nacional y regresa Ignacio Procacitto a la actividad deportiva junto a su equipo basado en la localidad de Las Rosas. Luego de hacer podio en Bah\u00eda Blanca y sumar en La Pedrera, quien se encuentra quinto en el certamen de Clase 2 quiere seguir sumando, en una temporada que se reanuda en La Plata con cambios reglamentarios y un calendario diferente.<\/p>\n\n\n\n<p>De las doce fechas pautadas, por la pandemia se achic\u00f3 a ocho carreras, y dos de ellas ser\u00e1n el martes 27 y mi\u00e9rcoles 28 respectivamente, en d\u00eda y horario totalmente distinto a lo que alguna vez tuvo \u2018Nachi\u2019 Procacitto en el TN. El campeonato, se concluir\u00e1 con tres fechas dobles, y una ser\u00e1 la semana entrante en el aut\u00f3dromo \u2018Roberto Mouras\u2019 de La Plata. Otro dato importante es que ya no ser\u00e1 obligatorio ganar para ser campe\u00f3n, sino que solamente lo ser\u00e1 quien sume m\u00e1s puntos a lo largo del ejercicio 2020.<\/p>\n\n\n\n<p>\u201cVenimos muy bien, tratando de acomodarnos y esperando los detalles de la carrera. El auto est\u00e1 listo, porque despu\u00e9s de la prueba de San Nicol\u00e1s el auto qued\u00f3 preparado para cualquier circuito donde nos toque ir\u201d, expres\u00f3 el de Las Rosas, quien d\u00edas atr\u00e1s prob\u00f3 y se lograron buenos par\u00e1metros para continuar el desarrollo del equipo propio, junto a Gonzalo Ceballos en la atenci\u00f3n del chasis y motores de los hermanos Riva.<\/p>\n\n\n\n<p>Finalmente, Procacitto asegur\u00f3: \u201cSab\u00edamos d\u00f3nde apuntar y ahora esperamos tener un buen funcionamiento en las dos fechas, sumar y no perder diferencia con la punta; si podemos acortar, buen\u00edsimo. La idea principal es ir a sumar, girar, obtener datos y por supuesto recolectar la mayor cantidad de puntos posible\u201d.<\/p>\n\n\n\n<p>La actividad estar\u00e1 acotada a dos jornadas, siendo el martes la tercera fecha del campeonato con entrenamiento, clasificaci\u00f3n, serie y final, mientras que el mi\u00e9rcoles se repetir\u00e1 formato. Las pruebas y las series se ver\u00e1n a trav\u00e9s de <strong>DeporTV <\/strong>en vivo de <strong>10 a 14.15<\/strong>, mientras que las finales ser\u00e1n transmitidas por <strong>TV P\u00fablica<\/strong> y <strong>DeporTV <\/strong>en simult\u00e1neo de <strong>16 a 18<\/strong>.<\/p>\n\n\n<p><!--EndFragment--><br>\n<br>\n<\/p>","protected":false},"excerpt":{"rendered":"<p>El rosense ya tiene listo el Volkswagen Gol Trend para llevar a cabo las fechas 3 y 4 de la temporada de Clase 2 Regresa el Turismo Nacional y regresa Ignacio Procacitto a la actividad deportiva junto a su equipo basado en la localidad de Las Rosas. Luego de hacer podio en Bah\u00eda Blanca y [&hellip;]<\/p>\n","protected":false},"author":1,"featured_media":2371,"comment_status":"closed","ping_status":"closed","sticky":false,"template":"","format":"standard","meta":{"footnotes":""},"categories":[3],"tags":[],"class_list":["post-2369","post","type-post","status-publish","format-standard","has-post-thumbnail","hentry","category-novedades"],"_links":{"self":[{"href":"https:\/\/ignacioprocacitto.com.ar\/sitio\/wp-json\/wp\/v2\/posts\/2369","targetHints":{"allow":["GET"]}}],"collection":[{"href":"https:\/\/ignacioprocacitto.com.ar\/sitio\/wp-json\/wp\/v2\/posts"}],"about":[{"href":"https:\/\/ignacioprocacitto.com.ar\/sitio\/wp-json\/wp\/v2\/types\/post"}],"author":[{"embeddable":true,"href":"https:\/\/ignacioprocacitto.com.ar\/sitio\/wp-json\/wp\/v2\/users\/1"}],"replies":[{"embeddable":true,"href":"https:\/\/ignacioprocacitto.com.ar\/sitio\/wp-json\/wp\/v2\/comments?post=2369"}],"version-history":[{"count":0,"href":"https:\/\/ignacioprocacitto.com.ar\/sitio\/wp-json\/wp\/v2\/posts\/2369\/revisions"}],"wp:featuredmedia":[{"embeddable":true,"href":"https:\/\/ignacioprocacitto.com.ar\/sitio\/wp-json\/wp\/v2\/media\/2371"}],"wp:attachment":[{"href":"https:\/\/ignacioprocacitto.com.ar\/sitio\/wp-json\/wp\/v2\/media?parent=2369"}],"wp:term":[{"taxonomy":"category","embeddable":true,"href":"https:\/\/ignacioprocacitto.com.ar\/sitio\/wp-json\/wp\/v2\/categories?post=2369"},{"taxonomy":"post_tag","embeddable":true,"href":"https:\/\/ignacioprocacitto.com.ar\/sitio\/wp-json\/wp\/v2\/tags?post=2369"}],"curies":[{"name":"wp","href":"https:\/\/api.w.org\/{rel}","templated":true}]}}